{"id":4364,"date":"2015-04-20T21:20:10","date_gmt":"2015-04-20T21:20:10","guid":{"rendered":"http:\/\/travelandreams.net\/?p=4364"},"modified":"2015-06-18T22:26:56","modified_gmt":"2015-06-18T22:26:56","slug":"praga","status":"publish","type":"post","link":"https:\/\/travelandreams.net\/es\/praga\/","title":{"rendered":"PRAGA"},"content":{"rendered":"<p><\/p>\n<p style=\"text-align: justify;\"><em><strong>Andreu R\u00f3denas<\/strong><\/em><\/p>\n<hr class=\"normal\"\/>\n<div class=\"map_shortcode_wrapper\" id=\"map17771844901786931218\" style=\"width:600px;height:400px\"><\/div>\n<p><img loading=\"lazy\" decoding=\"async\" class=\"size-large wp-image-1043\" src=\"https:\/\/andreurodenas.files.wordpress.com\/2013\/05\/dscn0178.jpg?w=547&#038;h=410\" alt=\"DSCN0178\" width=\"547\" height=\"410\" \/><\/p>\n<p style=\"text-align: justify;\">Visitamos Praga en el invierno de 2009 en un vaije de 4 dias. Un vuelo barato fuera de temporada alta, un hotel de cuatro estrellas muy adecuado y bien situado en la famosa avenida Wenceslao, y con muchas ganas de caminar y aprender historia. Praga es una ciudad para no venir con prisas y pode disfrutar de todos sus rincones.<\/p>\n<p style=\"text-align: justify;\"><img loading=\"lazy\" decoding=\"async\" class=\"size-large wp-image-1123\" src=\"https:\/\/andreurodenas.files.wordpress.com\/2013\/05\/dscn0145.jpg?w=547&#038;h=410\" alt=\"Avinguda Wenceslas\" width=\"547\" height=\"410\" \/><\/p>\n<p style=\"text-align: justify;\">Praga en febrero puede parecer no ser el mejor destino para pasar 4 o 5 dias, el frio est\u00e1 asegurado y en el mejor de los casos no hay presencia del blanco elemento. Cuando nosotros llegamos el tiempo era realmente frio, aunque no g\u00e9lido, pues las temperaturas oscilavan entre los 0 y los -4\u00ba y no nev\u00f3 hasta el \u00faltimo dia.<\/p>\n<p><img loading=\"lazy\" decoding=\"async\" class=\"size-large wp-image-1124\" src=\"https:\/\/andreurodenas.files.wordpress.com\/2013\/05\/dscn0396.jpg?w=547&#038;h=410\" alt=\"Museu Nacional de Praga a l'avinguda Wenceslas\" width=\"547\" height=\"410\" \/><\/p>\n<p><img loading=\"lazy\" decoding=\"async\" class=\"size-large wp-image-1023\" src=\"https:\/\/andreurodenas.files.wordpress.com\/2013\/04\/dscn0182.jpg?w=547&#038;h=410\" alt=\"Riu Moldova amb el Castell de Praga al fons\" width=\"547\" height=\"410\" \/><\/p>\n<p style=\"text-align: justify;\">El taxista que hav\u00edamos contratado desde Barcelona ya nos estaba esperando en el aeropuerto y tal como salimos de la terminal empezamos a conversar (en ingl\u00e9s), cinco minutos m\u00e1s tarde ya nos havia puesto al d\u00eda de la ciudad y de la climatolog\u00eda. Se nota que el clima es el tema preferido para iniciar una conversaci\u00f3n entre desconocidos en cualquier lugar del mundo.<\/p>\n<p><img loading=\"lazy\" decoding=\"async\" class=\"size-large wp-image-1125\" src=\"https:\/\/andreurodenas.files.wordpress.com\/2013\/05\/dscn0338.jpg?w=547&#038;h=410\" alt=\"Tranvia a prop de la pla\u00e7a de la Rep\u00fablica\" width=\"547\" height=\"410\" \/><\/p>\n<p><img loading=\"lazy\" decoding=\"async\" class=\"aligncenter wp-image-1126 size-large\" src=\"https:\/\/andreurodenas.files.wordpress.com\/2013\/05\/dscn0168.jpg?w=547&#038;h=410\" alt=\"DSCN0168\" width=\"547\" height=\"410\" \/><\/p>\n<p style=\"text-align: justify;\">Lo primero que hay que hacer al llegar a la ciudad es familiarizarse lo m\u00e1s pronto posible con la nomenclatura de las calles, barrio, plazas, etc. y si adem\u00e1s puedes saber alguna palabra b\u00e1sica en el idioma oficial mucho mejor. Para comenzar a caminar hace falta haber establecido una ruta previa y as\u00ed conseguir que \u00e9sta tenga un orden l\u00f3gico, tambi\u00e9n haver leido previamente una guia o alguna revista especializada (como Altair) siempre ayudar\u00e1 mucho. As\u00ed que una vez nos registramos en el hotel que estaba situado en la avenida Wenceslaso (muy c\u00e9ntrico) y cerca del Museo Nacional decidimos que era hora de ponerse en marcha.<\/p>\n<p><img loading=\"lazy\" decoding=\"async\" class=\"aligncenter wp-image-1133 size-large\" src=\"https:\/\/andreurodenas.files.wordpress.com\/2013\/05\/dscn0167.jpg?w=547&#038;h=729\" alt=\"DSCN0167\" width=\"547\" height=\"729\" \/><\/p>\n<p style=\"text-align: justify;\">Praga es una ciudad para recorrerla\u00a0andando y con calma, tiene la medida esencial para no acabar hecho polvo a bas de hacer quil\u00f3metros, el transporte p\u00fablico no es necesario a menos que solo esteis un par de d\u00edas cortos. n extensi\u00f3n no se trata de una ciudad peque\u00f1a pero la atenci\u00f3n del viajero se centrar\u00e1 en la parte central que es donde estan todos los puntos de inter\u00e9s. Los lugares indispensables para visitar y conocer no estan muy dispersos y se reparten entre la parte vieja de la ciudad (Old Town), la parte neva (New Town), el barrio o guetto judio (Josefov) y el barrio de Mala Strana (donde est\u00e1 el castillo de Praga).<\/p>\n<p><img loading=\"lazy\" decoding=\"async\" class=\"size-large wp-image-1172\" src=\"https:\/\/andreurodenas.files.wordpress.com\/2013\/05\/dscn0336.jpg?w=547&#038;h=410\" alt=\"Pla\u00e7a de la Rep\u00fablica\" width=\"547\" height=\"410\" \/><\/p>\n<p style=\"text-align: justify;\">La parte vieja de la ciudad es la m\u00e1s visitada y acostumbra a ser donde m\u00e1s turistas encontraremos, pues est\u00e1 el famoso relojastron\u00f3mico, el ayuntamiento viejo, y todas las callenjuelas llenas de tiendas de sovenirs, pubs y restaurantes que te llevan hacia el Puente de Carlos IV.<\/p>\n<p><img loading=\"lazy\" decoding=\"async\" class=\"size-medium wp-image-1151 \" src=\"https:\/\/andreurodenas.files.wordpress.com\/2013\/05\/dscn0229.jpg?w=300&#038;h=225\" alt=\"Mala Strana i el castell de Praga des de la bora del riu\" width=\"300\" height=\"225\" \/><\/p>\n<p style=\"text-align: justify;\">La parte nueva (donde ten\u00edamos el hotel) es la parte moderna de la ciudad, en ella encontraremos las grandes boutiques, las grandes cadenas de comida r\u00e1pida, los restaurantes de cocina occidental, y como edificos m\u00e1s singulares hay el nuevo Ayuntamiento, el Museo Nacional y un edificio muy singular llamado \u00abedificio danzante\u00bb debido a su estrufctura curva desde la base.<\/p>\n<p><img loading=\"lazy\" decoding=\"async\" class=\"size-large wp-image-1186\" src=\"https:\/\/andreurodenas.files.wordpress.com\/2013\/05\/dscn0376.jpg?w=547&#038;h=410\" alt=\"Edifici dan\u00e7ant \" width=\"547\" height=\"410\" \/><\/p>\n<p style=\"text-align: justify;\">La atracci\u00f3n turistica m\u00e1s destacada de Praga es el punte de Carlos IV que una vez cruzado (debe tener unos 500 mts.) te deja en la entrada del barrio de Mala Strana donde en lo m\u00e1s alto est\u00e1 el famoso Castill de Praga con la catedral de St.Vitus, tambi\u00e9n en este barrio est\u00e1 la iglesia de San Nicol\u00e1s (la m\u00e1s grande de las tres que hay en esta ciudad dedicada a este santo), dentro del castillo tambi\u00e9n como gran atractivo tur\u00edstico hay el Callej\u00f3n de Oro.<\/p>\n<p><img loading=\"lazy\" decoding=\"async\" class=\"size-large wp-image-1188\" src=\"https:\/\/andreurodenas.files.wordpress.com\/2013\/05\/dscn02291.jpg?w=547&#038;h=410\" alt=\"El pont de Carles IV\" width=\"547\" height=\"410\" \/><\/p>\n<p><img loading=\"lazy\" decoding=\"async\" class=\"size-large wp-image-1159\" src=\"https:\/\/andreurodenas.files.wordpress.com\/2013\/05\/dscn0266.jpg?w=547&#038;h=410\" alt=\"Carrer\u00f3 Daurat\" width=\"547\" height=\"410\" \/><\/p>\n<p style=\"text-align: justify;\">A parte de los aspectos hist\u00f3ricos, culturales y arquitect\u00f3nicos Praga es una ciudad con mucha vitalidad y buen ambiente tanto de dia como de noche. No puedes volver de Praga sin haber visto un espectaculo de marionetas, de teatro negro, o sin haber asistido a un concierto de m\u00fasica cl\u00e1sica, una \u00f3pera o haber degustado una buena cerveza en uno de los antiguos pubs de la ciudad vieja y de haber comido un buen gulash.<\/p>\n<p><img loading=\"lazy\" decoding=\"async\" class=\"size-large wp-image-1139\" src=\"https:\/\/andreurodenas.files.wordpress.com\/2013\/05\/dscn0184.jpg?w=547&#038;h=410\" alt=\"Museu Jueu. Josefov\" width=\"547\" height=\"410\" \/><\/p>\n<p style=\"text-align: justify;\">Mi recomendaci\u00f3n para visitar Praga ser\u00eda hacerlo en 4 d\u00edas enteros de manera que el primer d\u00eda servir\u00eda para familiarizarse con la ciudad, tomarle el pulso, paseando por la parte vieja por la ma\u00f1ana donde podreis ver como marca las horas el viejo reloj astron\u00f3mico, ver el castillo desde el puente de Carlos IV y dar un paseo por el paseo del rio. Despu\u00e9s de disfrutar de una buena comida, por la tarde, podr\u00edais escoger que espectaculo querreis ver por la noche (antes o despu\u00e9s de cenar), que yo para el primer d\u00eda os recomendar\u00eda uno de los de perque\u00f1o formato, como por ejemplo un cuarteto de cuerda en alguna de las iglesias o en el mismo Museo Nacional (encontrareis informaci\u00f3n en cualquier lugar). Si tomais la cena despu\u00e9s del concierto os recomendaria que entraseis en uno de los pubs de la zona baja de Mala Strana y de paso cruzar el puente de noche ya que tiene unas vistas imperdibles.<\/p>\n<p><img loading=\"lazy\" decoding=\"async\" class=\"size-large wp-image-1167\" src=\"https:\/\/andreurodenas.files.wordpress.com\/2013\/05\/dscn0321.jpg?w=547&#038;h=410\" alt=\"El pont de Carles IV des de Mala Strana\" width=\"547\" height=\"410\" \/><\/p>\n<p style=\"text-align: justify;\">El d\u00eda siguiente lo podriais dedicar a conocer la historia medieval de la ciudad y del guetto judio (ahora llamado barrio judio \u00abJOSEFOV\u00bb). La historia de los judios queda bien patente\u00a0haciendo un largo y detallado recorrido, que para los m\u00e1s autodidactas se puede hacer con un sistema de audioguias que te van poniendo al corriente de todos los principales lugares que se iran visitando. Visitareis el cementerio judio, la sinagoga antigua-nueva, el museo judio, &#8230; Depsu\u00e9s de una buena comida por la zona de la plaza de la Rep\u00fablica (Republiky Namesti) podeis pasear por sus callejuelas y entrar a visitar la iglesia barroca dedicada a San Nicol\u00e1s (una de las tres que hay en la ciudad dedicada a este santo), tambi\u00e9n podeis subir a la Torre de la P\u00f3lvora que tiene unas vistas muy buenas de la ciudad.<\/p>\n<p style=\"text-align: justify;\"><img loading=\"lazy\" decoding=\"async\" class=\"size-large wp-image-1174 alignleft\" src=\"https:\/\/andreurodenas.files.wordpress.com\/2013\/05\/dscn0347.jpg?w=547&#038;h=410\" alt=\"DSCN0347\" width=\"547\" height=\"410\" \/><\/p>\n<p><img loading=\"lazy\" decoding=\"async\" class=\"size-large wp-image-1132\" src=\"https:\/\/andreurodenas.files.wordpress.com\/2013\/05\/dscn0163.jpg?w=547&#038;h=410\" alt=\"Rellotge Astron\u00f2mic\" width=\"547\" height=\"410\" \/><\/p>\n<p><img loading=\"lazy\" decoding=\"async\" class=\"wp-image-1170 size-medium\" src=\"https:\/\/andreurodenas.files.wordpress.com\/2013\/05\/dscn0332.jpg?w=225&#038;h=300\" alt=\"DSCN0332\" width=\"225\" height=\"300\" \/><\/p>\n<p><img loading=\"lazy\" decoding=\"async\" class=\"aligncenter size-large wp-image-1130\" src=\"https:\/\/andreurodenas.files.wordpress.com\/2013\/05\/dscn0161.jpg?w=547&#038;h=729\" alt=\"DSCN0161\" width=\"547\" height=\"729\" \/><\/p>\n<p><img loading=\"lazy\" decoding=\"async\" class=\"size-large wp-image-1171\" src=\"https:\/\/andreurodenas.files.wordpress.com\/2013\/05\/dscn0334.jpg?w=547&#038;h=410\" alt=\"Caf\u00e9 de l'opera i Torre de la P\u00f2lvora a prop de la pla\u00e7a de la Rep\u00fablica\" width=\"547\" height=\"410\" \/><\/p>\n<p style=\"text-align: justify;\">Se supone que durante los casi dos d\u00edas en la ciudad ya habreis podido escoger alguna de las obras o conciertos que se hacen al Teatro Nacional (teneis que haceros con la programaci\u00f3n tan solo llegar y as\u00ed poder decidir con tiempo e ir a comprar las entradas) o al Rudolfinum donde toca la orquesta filarm\u00f3nica de Praga. El Teatro Nacional y el Rudolfinum est\u00e1n muy cerca del puente de Carlos IV, por tanto podreis aprovechar para verlo de noche ya sea antes o despu\u00e9s del espectaculo (danza, \u00f3pera, m\u00fasica cl\u00e1sica, &#8230;), donde de noche tiene una magia especial con las iluminaciones y los reflejos en el rio. En funci\u00f3n del horario escogido podreis cenar, antes o despu\u00e9s, en cualquiera de los muchos peque\u00f1os restaurantes o pubs de la ciudad vieja, algunos de ellos con un encanto muy especial que os evocaran ambientes de \u00e9pocas de gloria de la ciudad en los siglos dieciocho o diecinueve.<\/p>\n<p><img loading=\"lazy\" decoding=\"async\" class=\"size-large wp-image-1157\" src=\"https:\/\/andreurodenas.files.wordpress.com\/2013\/05\/dscn0262.jpg?w=547&#038;h=729\" alt=\"DSCN0262\" width=\"547\" height=\"729\" \/><\/p>\n<p><img loading=\"lazy\" decoding=\"async\" class=\"size-large wp-image-1158\" src=\"https:\/\/andreurodenas.files.wordpress.com\/2013\/05\/dscn0263.jpg?w=547&#038;h=410\" alt=\"DSCN0263\" width=\"547\" height=\"410\" \/><\/p>\n<p style=\"text-align: justify;\">El tercer d\u00eda puede dedicarse integramente al otro lado del rio Moldova. Hace falta cruzatr el puente de Carlos IV para saborear el ambiente del barrio de Mala Strana a los pies del castillo de Praga. Aunque el barrio de Mala Strana no es muy grande, sus callejuelas con subidas y bajadas y algunos de muy estrechos, llenos de peque\u00f1as tiendas, p\u00f9bs, restaurantes con terrazas, hay que verlo poco a poco y sobretodo dedicar medio d\u00eda a la visita del castillo con la catedral de San Vitus, el callej\u00f3n de oro en el que una de sus peque\u00f1as viviendas vivi\u00f3 durante un tiempo el mismo Kafka.<\/p>\n<p style=\"text-align: justify;\"><img loading=\"lazy\" decoding=\"async\" class=\"aligncenter size-large wp-image-1144\" src=\"https:\/\/andreurodenas.files.wordpress.com\/2013\/05\/dscn0203.jpg?w=547&#038;h=410\" alt=\"DSCN0203\" width=\"547\" height=\"410\" \/><\/p>\n<p><img loading=\"lazy\" decoding=\"async\" class=\"size-large wp-image-1138\" src=\"https:\/\/andreurodenas.files.wordpress.com\/2013\/05\/dscn0183.jpg?w=547&#038;h=410\" alt=\"Riu Moldava\" width=\"547\" height=\"410\" \/><\/p>\n<p style=\"text-align: justify;\">Yo os recomendar\u00eda subir directamente al castillo a primera hora para estar m\u00e1s descansados, despu\u00e9s bajando hacer la visita al resto de Mala Strana y los hjardines reales. En Mala Strana igual que en la parte vieja de la ciudad hay muchos lugares para comer, sentarse y descansar disfrutando de una buena pinta de cerveza o un buen caf\u00e9. Despu\u00e9s de comer una visita a la iglesia de San Nicol\u00e1s y seguidamente buscar un buen espectaculo de marionetas o del t\u00edpico teatro negro (muy recomendable), \u00e9ste \u00faltimo se trata de un espectaculo muy visula, ya que consiste en danza y baile en un escenario a oscuras que con luces reflectantes sobre el vestuario de los actores nos muestran sus movimientos desde una perspectiva bien diferente a la que estamos acostumbrados y lenan el escenario de formas incre\u00edbles. Para los m\u00e1s rom\u00e1nticos o a los que no les guste andar tanto podeis cenar dentro de uno de los barcos que navegan por elmrio Moldova.<\/p>\n<p><img loading=\"lazy\" decoding=\"async\" class=\"size-large wp-image-1146\" src=\"https:\/\/andreurodenas.files.wordpress.com\/2013\/05\/dscn0210.jpg?w=547&#038;h=410\" alt=\"Mala Strana\" width=\"547\" height=\"410\" \/><\/p>\n<p style=\"text-align: justify;\">Siempre hace falta reservarse un dia para todo aquello que nos hayamos dejado los d\u00edas anteriores o simlemente para repetir aquello que nos haya gustado y visualizarlo m\u00e1s pausadamente, para hacer las compras deseadas y continuar buscando rincones m\u00e1s poco conocidos, o simplemente disfrutar de las vistas que podreis encontrar en muchos puntos de la ciudad sobretodo en los alrededores del rio.<\/p>\n<p><img loading=\"lazy\" decoding=\"async\" class=\"size-large wp-image-1150\" src=\"https:\/\/andreurodenas.files.wordpress.com\/2013\/05\/dscn0225.jpg?w=547&#038;h=410\" alt=\"Teatre Nacional de Praga\" width=\"547\" height=\"410\" \/><\/p>\n<p><img loading=\"lazy\" decoding=\"async\" class=\"aligncenter size-large wp-image-1148\" src=\"https:\/\/andreurodenas.files.wordpress.com\/2013\/05\/dscn0221.jpg?w=547&#038;h=410\" alt=\"DSCN0221\" width=\"547\" height=\"410\" \/><\/p>\n<p style=\"text-align: justify;\">Si habeis sabido condensarlo todo en tres dias y no estais bastante cansados siempre podreis contratar una de las excursiones de un dia fuera de la ciudad. Hay varias para escoger pero algunas merecen m\u00e1s cr\u00e9dito que otras, como por ejemplo la ciudad de Cesky Krumlov (nombrada patrimonio mundial por la Unesco) con 300 edificios hist\u00f3ricos catalogados, o bien ir a TEREZIN que fue un lugar donde la Gestapo puso un campo de internamiento, si os gusta la historia de la 2\u00aa Guerra Mundial es un lugar donde podreis sentir sensaciones \u00fanicas visitando el crematorio, la morgue central y las exposiciones sobre el sufrimiento de los prisioneros durante aquella guerra.<\/p>\n<p><img loading=\"lazy\" decoding=\"async\" class=\"size-large wp-image-1136\" src=\"https:\/\/andreurodenas.files.wordpress.com\/2013\/05\/dscn0180.jpg?w=547&#038;h=410\" alt=\"Rudolfinum\" width=\"547\" height=\"410\" \/><\/p>\n<p><img loading=\"lazy\" decoding=\"async\" class=\"size-large wp-image-1135\" src=\"https:\/\/andreurodenas.files.wordpress.com\/2013\/05\/dscn0177.jpg?w=547&#038;h=729\" alt=\"Ajuntament Vell a la pla\u00e7a de la ciutat vella\" width=\"547\" height=\"729\" \/><\/p>\n<p><img loading=\"lazy\" decoding=\"async\" class=\"size-large wp-image-1163\" src=\"https:\/\/andreurodenas.files.wordpress.com\/2013\/05\/dscn0290.jpg?w=547&#038;h=410\" alt=\"Interior de l'esglesia de Sant Nicolau a Mala Strana\" width=\"547\" height=\"410\" \/><\/p>\n<p><img loading=\"lazy\" decoding=\"async\" class=\"size-large wp-image-1169\" src=\"https:\/\/andreurodenas.files.wordpress.com\/2013\/05\/dscn0325.jpg?w=547&#038;h=410\" alt=\"Castell il\u00b7luminat\" width=\"547\" height=\"410\" \/><\/p>\n<p><img loading=\"lazy\" decoding=\"async\" class=\"size-large wp-image-1189\" src=\"https:\/\/andreurodenas.files.wordpress.com\/2013\/05\/dscn02611.jpg?w=547&#038;h=410\" alt=\"Entrada principal de la catedral de San Vitus\" width=\"547\" height=\"410\" \/><\/p>","protected":false},"excerpt":{"rendered":"<p>Andreu R\u00f3denas Visitamos Praga en el invierno de 2009 en un vaije de 4 dias. Un vuelo barato fuera de temporada alta, un hotel de cuatro estrellas muy adecuado y bien situado en la famosa avenida Wenceslao, y con muchas ganas de caminar y aprender historia. [&hellip;]<\/p>\n","protected":false},"author":4,"featured_media":4417,"comment_status":"closed","ping_status":"open","sticky":false,"template":"","format":"standard","meta":{"footnotes":""},"categories":[9,26,2,34,47],"tags":[55,185,33,187,202,186,73],"class_list":["post-4364","post","type-post","status-publish","format-standard","has-post-thumbnail","hentry","category-articulos","category-diversos","category-europa","category-fotografia-2","category-praga","tag-ciutats","tag-europa-2","tag-fotografia","tag-monuments","tag-praga","tag-rutes","tag-travel-and-tourism"],"_links":{"self":[{"href":"https:\/\/travelandreams.net\/es\/wp-json\/wp\/v2\/posts\/4364","targetHints":{"allow":["GET"]}}],"collection":[{"href":"https:\/\/travelandreams.net\/es\/wp-json\/wp\/v2\/posts"}],"about":[{"href":"https:\/\/travelandreams.net\/es\/wp-json\/wp\/v2\/types\/post"}],"author":[{"embeddable":true,"href":"https:\/\/travelandreams.net\/es\/wp-json\/wp\/v2\/users\/4"}],"replies":[{"embeddable":true,"href":"https:\/\/travelandreams.net\/es\/wp-json\/wp\/v2\/comments?post=4364"}],"version-history":[{"count":25,"href":"https:\/\/travelandreams.net\/es\/wp-json\/wp\/v2\/posts\/4364\/revisions"}],"predecessor-version":[{"id":4772,"href":"https:\/\/travelandreams.net\/es\/wp-json\/wp\/v2\/posts\/4364\/revisions\/4772"}],"wp:featuredmedia":[{"embeddable":true,"href":"https:\/\/travelandreams.net\/es\/wp-json\/wp\/v2\/media\/4417"}],"wp:attachment":[{"href":"https:\/\/travelandreams.net\/es\/wp-json\/wp\/v2\/media?parent=4364"}],"wp:term":[{"taxonomy":"category","embeddable":true,"href":"https:\/\/travelandreams.net\/es\/wp-json\/wp\/v2\/categories?post=4364"},{"taxonomy":"post_tag","embeddable":true,"href":"https:\/\/travelandreams.net\/es\/wp-json\/wp\/v2\/tags?post=4364"}],"curies":[{"name":"wp","href":"https:\/\/api.w.org\/{rel}","templated":true}]}}