{"id":3942,"date":"2015-02-02T23:23:57","date_gmt":"2015-02-02T23:23:57","guid":{"rendered":"http:\/\/travelandreams.net\/?p=3942"},"modified":"2016-01-21T18:22:04","modified_gmt":"2016-01-21T18:22:04","slug":"las-torres-del-paine","status":"publish","type":"post","link":"https:\/\/travelandreams.net\/es\/las-torres-del-paine\/","title":{"rendered":"LAS TORRES DEL PAINE"},"content":{"rendered":"<p><\/p>\n<p style=\"text-align: justify;\"><strong><em><span style=\"color: #000000;\">Andreu R\u00f3denas<\/span><\/em><\/strong><\/p>\n<hr \/>\n<p style=\"text-align: justify;\"><span style=\"color: #000000;\">En mi viaje a Patagonia y Tierra de Fuego estuve por unos d\u00edas en Chile. La parte chilena de la Patagonia es mucho menos \u00e1rida y ventosa que la parte de Argentina ya que la cordillera de los Andes hace de barrera natural y las precipitaciones tanto en forma de lluvia como de nieve son enormes a lo largo del a\u00f1o. Estas lluvias y nevadas provocan que el agua sea el elemento dominador de la vida y \u00a0fauna de este lugar.<\/span><\/p>\n<div id=\"attachment_1851\" style=\"width: 557px\" class=\"wp-caption aligncenter\"><img loading=\"lazy\" decoding=\"async\" aria-describedby=\"caption-attachment-1851\" class=\"size-large wp-image-1851\" src=\"http:\/\/andreurodenas.files.wordpress.com\/2013\/08\/chile9.jpg?w=547\" alt=\"El cel a la Patagonia chilena \/ The sky in chilean Patagonia\" width=\"547\" height=\"310\" \/><p id=\"caption-attachment-1851\" class=\"wp-caption-text\"><strong><span style=\"color: #ff0000;\">El cielo en\u00a0la Patagonia chilena\u00a0<\/span><\/strong><\/p><\/div>\n<p style=\"text-align: justify;\"><span style=\"color: #000000;\">En la patagonia chilena hay fiordos, lagos, glaciares, islas, r\u00edos muy caudalosos, volcanes y bosques infinitos. La zona m\u00e1s austral de Chile contrasta y mucho con los desiertos del norte del pa\u00eds, aqu\u00ed el agua, el hielo y el verdor inundan todos los lugares dando como resultado unos paisajes \u00fanicos y espectaculares como no se encuentran en otros lugares de la tierra . Visitamos dos parques nacionales en los cuatro d\u00edas que pasamos en la ciudad de Puerto Natales a 300 kms del estrecho de Magallanes. Esta zona remota del mundo preserva a\u00fan toda la belleza de la naturaleza, as\u00ed como, sin rehuir de la vida moderna, muchos aspectos ancestrales de sus gentes. La huella del turismo existe pero de momento no ha cambiado mucho la vida de los pocos habitantes de los poqu\u00edsimos pueblos que hay. Seguramente que la dedicaci\u00f3n a la pesca o ganader\u00eda ha bajado en beneficio de la creaci\u00f3n de servicios al turismo pero seguramente esto ha posibilitado que muchas de estas gentes no han tenido que emigrar por motivos exclusivamente econ\u00f3micos.<\/span><\/p>\n<div id=\"attachment_1852\" style=\"width: 557px\" class=\"wp-caption aligncenter\"><img loading=\"lazy\" decoding=\"async\" aria-describedby=\"caption-attachment-1852\" class=\"size-large wp-image-1852\" src=\"http:\/\/andreurodenas.files.wordpress.com\/2013\/08\/chile10.jpg?w=547\" alt=\"P.N.Torres del Paine\" width=\"547\" height=\"312\" \/><p id=\"caption-attachment-1852\" class=\"wp-caption-text\"><strong><span style=\"color: #ff0000;\">P.N.Torres del Paine<\/span><\/strong><\/p><\/div>\n<div id=\"attachment_1865\" style=\"width: 557px\" class=\"wp-caption aligncenter\"><img loading=\"lazy\" decoding=\"async\" aria-describedby=\"caption-attachment-1865\" class=\"size-large wp-image-1865\" src=\"http:\/\/andreurodenas.files.wordpress.com\/2013\/08\/chile16.jpg?w=547\" alt=\"Puerto Natales\" width=\"547\" height=\"369\" \/><p id=\"caption-attachment-1865\" class=\"wp-caption-text\"><strong><span style=\"color: #ff0000;\">Puerto Natales<\/span><\/strong><\/p><\/div>\n<p style=\"text-align: justify;\"><span style=\"color: #000000;\">En un principio el viaje a Iguaz\u00fa, Patagonia y Tierra de Fuego estaba pensado para visitar s\u00f3lo el lado argentino, pero no pudimos resistir la tentaci\u00f3n de visitar alguno de los parques nacionales chilenos y, la verdad, no me imagino un viaje a la Patagonia sin por lo menos pasar un par de d\u00edas en Puerto Natales o Punta Arenas para ir a visitar el parque nacional de Las Torres del Paine.<\/span><\/p>\n<div id=\"attachment_1850\" style=\"width: 557px\" class=\"wp-caption aligncenter\"><img loading=\"lazy\" decoding=\"async\" aria-describedby=\"caption-attachment-1850\" class=\"size-large wp-image-1850\" src=\"http:\/\/andreurodenas.files.wordpress.com\/2013\/08\/chile8.jpg?w=547\" alt=\"Benvinguda a Puerto Natales \/ Welcome to Puerto Natales\" width=\"547\" height=\"344\" \/><p id=\"caption-attachment-1850\" class=\"wp-caption-text\"><strong><span style=\"color: #ff0000;\">Bienvenida\u00a0a Puerto Natales\u00a0<\/span><\/strong><\/p><\/div>\n<p style=\"text-align: justify;\"><span style=\"color: #000000;\">Nosotros alquilamos\u00a0un coche en El Calafate y fuimos en direcci\u00f3n sur por la famosa carretera nacional 3 que cruza todo Argentina de norte a sur. Esta carretera es de referencia para aventureros y viajeros atrevidos pues tiene cerca de 5.500 kms de recorrido y m\u00e1s de la mitad son por pistas de grava o \u00abripio\u00bb como dicen ellos. A 500 kms al sur de El Calafate hay un pueblo minero que se llama R\u00edo Turbio y es\u00a0fronterizo con la ciudad chilena de Puerto Natales, son 500 kms de rectas que no acaban nunca, de viento y tierra de color ocre sin pueblos, donde la vida la ponen los reba\u00f1os de ovejas y vacas pastando en terrenos infinitos y algunos \u00f1and\u00fas y guanacos salvajes, se trata de un paisaje mon\u00f3tono, de una tierra dura e\u00a0inhospita que tan s\u00f3lo se ve rota por alguna laguna a modo de \u00aboasis \u00abo alguna estancia (rancho) solitaria.<\/span><\/p>\n<div id=\"attachment_1843\" style=\"width: 557px\" class=\"wp-caption aligncenter\"><img loading=\"lazy\" decoding=\"async\" aria-describedby=\"caption-attachment-1843\" class=\"size-large wp-image-1843\" src=\"http:\/\/andreurodenas.files.wordpress.com\/2013\/08\/chile1.jpg?w=547\" alt=\"\u00d1and\u00fas. Patagonia Argentina\" width=\"547\" height=\"315\" \/><p id=\"caption-attachment-1843\" class=\"wp-caption-text\"><strong><span style=\"color: #ff0000;\">\u00d1and\u00fas. Patagonia Argentina<\/span><\/strong><\/p><\/div>\n<div id=\"attachment_1844\" style=\"width: 557px\" class=\"wp-caption aligncenter\"><img loading=\"lazy\" decoding=\"async\" aria-describedby=\"caption-attachment-1844\" class=\"size-large wp-image-1844\" src=\"http:\/\/andreurodenas.files.wordpress.com\/2013\/08\/chile2.jpg?w=547\" alt=\"De El Calafate a Puerto Natales. Patagonia \/ From El Calafate to Puerto Natales. Patagonia\" width=\"547\" height=\"275\" \/><p id=\"caption-attachment-1844\" class=\"wp-caption-text\"><strong><span style=\"color: #ff0000;\">De El Calafate a Puerto Natales. Patagonia\u00a0<\/span><\/strong><\/p><\/div>\n<div id=\"attachment_1857\" style=\"width: 557px\" class=\"wp-caption aligncenter\"><img loading=\"lazy\" decoding=\"async\" aria-describedby=\"caption-attachment-1857\" class=\"size-large wp-image-1857\" src=\"http:\/\/andreurodenas.files.wordpress.com\/2013\/08\/chile15.jpg?w=547\" alt=\"De El Calafate a Puerto Natales. Patagonia \/ From El Calafate to Puerto Natales. Patagonia\" width=\"547\" height=\"270\" \/><p id=\"caption-attachment-1857\" class=\"wp-caption-text\"><strong><span style=\"color: #ff0000;\">De El Calafate a Puerto Natales. Patagonia\u00a0<\/span><\/strong><\/p><\/div>\n<p style=\"text-align: justify;\"><span style=\"color: #000000;\">R\u00edo Turbio tiene este nombre debido al color que toman sus aguas debido a las minas de carb\u00f3n que hay y que son el medio de subsistencia de toda la comunidad, tambi\u00e9n tienen como medio de subsistencia en menor medida la venta de gasolina a los chilenos que desde el otro lado de la frontera se acercan a llenar los dep\u00f3sitos debido a la diferencia de precios, para sobrevivir en estas latitudes cualquier ahorro es muy importante.<\/span><\/p>\n<div id=\"attachment_1845\" style=\"width: 557px\" class=\"wp-caption aligncenter\"><img loading=\"lazy\" decoding=\"async\" aria-describedby=\"caption-attachment-1845\" class=\"size-large wp-image-1845\" src=\"http:\/\/andreurodenas.files.wordpress.com\/2013\/08\/chile3.jpg?w=547\" alt=\"Flamencs a Rio Turbio \/ Flamingos in Rio Turbio\" width=\"547\" height=\"275\" \/><p id=\"caption-attachment-1845\" class=\"wp-caption-text\"><strong><span style=\"color: #ff0000;\">Flamencos \u00a0en Rio Turbio\u00a0<\/span><\/strong><\/p><\/div>\n<div id=\"attachment_1864\" style=\"width: 557px\" class=\"wp-caption aligncenter\"><img loading=\"lazy\" decoding=\"async\" aria-describedby=\"caption-attachment-1864\" class=\"size-large wp-image-1864\" src=\"http:\/\/andreurodenas.files.wordpress.com\/2013\/08\/chile81.jpg?w=547\" alt=\"Mines de carb\u00f3 a Rio Turbio \/ Rio Turbio coal mine\" width=\"547\" height=\"346\" \/><p id=\"caption-attachment-1864\" class=\"wp-caption-text\"><strong><span style=\"color: #ff0000;\">Minas de carb\u00f3n en Rio Turbio\u00a0<\/span><\/strong><\/p><\/div>\n<p style=\"text-align: justify;\"><span style=\"color: #000000;\">La frontera argentina nos record\u00f3 aquellos pasos fronterizos de las d\u00e9cadas de los 50 y 60 en plena dictadura, con polic\u00edas poco amables y mal arreglados, instalaciones dejadas y semi-abandonadas. En cambio la frontera chilena era mucho m\u00e1s moderna y preparada, aqu\u00ed sin duda se not\u00f3 la diferencia entre la riqueza de los dos pa\u00edses vecinos. Una vez en Puerto Natales decidimos ir un par de d\u00edas al Parque Nacional\u00a0Las Torres del Paine y tambien\u00a0hacer una excursi\u00f3n de un d\u00eda completo visitando alg\u00fan fiordo y alguno de los glaciares del lado chileno. De hecho esta excursi\u00f3n nos sirvi\u00f3 para poder visitar el parque de las Torres del Paine sin tener que hacer los 120 kms de ida y otros\u00a0tantos\u00a0de vuelta que hay entre Puerto Natales y el parque nacional. Por el camino paramos a visitar brevemente el Parque Nacional Bernardo O&#8217;Higgins que est\u00e1 a medio camino dentro del fiordo llamado \u00daltima Esperanza, en este parque conocimos los glaciares Balmaceda y Serrano, para llegar a hacer la aproximaci\u00f3n al glaciar Serrano tuvimos que\u00a0caminar cerca de una hora por un bosque que m\u00e1s bien era un jard\u00edn bot\u00e1nico que te quitaba el hipo.<\/span><\/p>\n<div id=\"attachment_1846\" style=\"width: 557px\" class=\"wp-caption aligncenter\"><img loading=\"lazy\" decoding=\"async\" aria-describedby=\"caption-attachment-1846\" class=\"size-large wp-image-1846\" src=\"http:\/\/andreurodenas.files.wordpress.com\/2013\/08\/chile4.jpg?w=547\" alt=\"Glacera Serrano. P.N. Bernardo O'HIggins \/ Serrano Glacier. Bernardo O'Higgins N.P.\" width=\"547\" height=\"301\" \/><p id=\"caption-attachment-1846\" class=\"wp-caption-text\"><strong><span style=\"color: #ff0000;\">Glaciar\u00a0Serrano. P.N. Bernardo O&#8217;HIggins\u00a0<\/span><\/strong><\/p><\/div>\n<div id=\"attachment_1861\" style=\"width: 557px\" class=\"wp-caption aligncenter\"><img loading=\"lazy\" decoding=\"async\" aria-describedby=\"caption-attachment-1861\" class=\"size-large wp-image-1861\" src=\"http:\/\/andreurodenas.files.wordpress.com\/2013\/08\/chile51.jpg?w=547\" alt=\"Las Torres del Paine\" width=\"547\" height=\"331\" \/><p id=\"caption-attachment-1861\" class=\"wp-caption-text\"><strong><span style=\"color: #ff0000;\">Las Torres del Paine<\/span><\/strong><\/p><\/div>\n<p style=\"text-align: justify;\"><span style=\"color: #000000;\">Despu\u00e9s de esta parada y ya dejando el fiordo fuimos a\u00a0remontar el r\u00edo en una zodiac durante m\u00e1s de 30 kms hasta entrar dentro del Parque Nacional Torres del Paine. En un d\u00eda se puede visitar pero la visita se quedar\u00e1 muy corta y eso que no hablo de ir a hacer alguno de los trekkings que hay, eso lo dejo para los m\u00e1s monta\u00f1eros. Simplemente para cruzarlo en coche por sus pistas principales haciendo paradas en los lugares m\u00e1s emblem\u00e1ticos ya requiere un d\u00eda completo. No os enga\u00f1ar\u00e9 si os digo que probablemente este lugar est\u00e1 entre las mejores visitas que he hecho junto con las cataratas de Iguaz\u00fa al norte de Argentina, el Gran Ca\u00f1\u00f3n en Colorado (EEUU) y el Mt.Cook en Nueva Zelanda.<\/span><\/p>\n<div id=\"attachment_1847\" style=\"width: 557px\" class=\"wp-caption aligncenter\"><img loading=\"lazy\" decoding=\"async\" aria-describedby=\"caption-attachment-1847\" class=\"size-large wp-image-1847\" src=\"http:\/\/andreurodenas.files.wordpress.com\/2013\/08\/chile5.jpg?w=547\" alt=\"Dins la zodiac cam\u00ed del P.N.Torres del Paine \/ Inside the zodiac on the way to Torres del Paine N.P.\" width=\"547\" height=\"323\" \/><p id=\"caption-attachment-1847\" class=\"wp-caption-text\"><strong><span style=\"color: #ff0000;\">En\u00a0la zodiac camino del P.N.Torres del Paine\u00a0<\/span><\/strong><\/p><\/div>\n<p style=\"text-align: justify;\"><span style=\"color: #000000;\">Como es sabido que las imagenes valen m\u00e1s que mil palabras, os dejo un amplio resumen de nuestra visita a las Torres del Paine y al Parque Nacional Bernardo O&#8217;Higgins.<\/span><\/p>\n<div id=\"attachment_1862\" style=\"width: 557px\" class=\"wp-caption aligncenter\"><img loading=\"lazy\" decoding=\"async\" aria-describedby=\"caption-attachment-1862\" class=\"size-large wp-image-1862\" src=\"http:\/\/andreurodenas.files.wordpress.com\/2013\/08\/chile61.jpg?w=547\" alt=\"Las Torres del Paine\" width=\"547\" height=\"364\" \/><p id=\"caption-attachment-1862\" class=\"wp-caption-text\"><strong><span style=\"color: #ff0000;\">Las Torres del Paine<\/span><\/strong><\/p><\/div>\n<div id=\"attachment_1860\" style=\"width: 557px\" class=\"wp-caption aligncenter\"><img loading=\"lazy\" decoding=\"async\" aria-describedby=\"caption-attachment-1860\" class=\"size-large wp-image-1860\" src=\"http:\/\/andreurodenas.files.wordpress.com\/2013\/08\/chile41.jpg?w=547\" alt=\"T\u00e8mpan de gel al Llac Grey. P.N. Torres del Paine \/ Iceberg in the Lake Grey. Torres del Paine N.P.\" width=\"547\" height=\"254\" \/><p id=\"caption-attachment-1860\" class=\"wp-caption-text\"><strong><span style=\"color: #ff0000;\">T\u00e9mpano\u00a0de hielo en el\u00a0Lago\u00a0Grey. P.N. Torres del Paine\u00a0<\/span><\/strong><\/p><\/div>\n<div id=\"attachment_1858\" style=\"width: 557px\" class=\"wp-caption aligncenter\"><img loading=\"lazy\" decoding=\"async\" aria-describedby=\"caption-attachment-1858\" class=\"size-large wp-image-1858\" src=\"http:\/\/andreurodenas.files.wordpress.com\/2013\/08\/chile21.jpg?w=547\" alt=\"Glacera Balmaceda. P.N. Bernardo O'HIggins \/ Balmaceda Glacier. Bernardo O'Higgins N.P.\" width=\"547\" height=\"287\" \/><p id=\"caption-attachment-1858\" class=\"wp-caption-text\"><strong><span style=\"color: #ff0000;\">Glaciar\u00a0Balmaceda. P.N. Bernardo O&#8217;HIggins\u00a0<\/span><\/strong><\/p><\/div>\n<div id=\"attachment_1856\" style=\"width: 557px\" class=\"wp-caption aligncenter\"><img loading=\"lazy\" decoding=\"async\" aria-describedby=\"caption-attachment-1856\" class=\"size-large wp-image-1856\" src=\"http:\/\/andreurodenas.files.wordpress.com\/2013\/08\/chile14.jpg?w=547\" alt=\"Llac Pehoe. P.N.Torres del Paine \/ Lake Pehoe. Torres del Paine N.P.\" width=\"547\" height=\"271\" \/><p id=\"caption-attachment-1856\" class=\"wp-caption-text\"><strong><span style=\"color: #ff0000;\">Lago\u00a0Pehoe. P.N.Torres del Paine\u00a0<\/span><\/strong><\/p><\/div>\n<div id=\"attachment_1855\" style=\"width: 557px\" class=\"wp-caption aligncenter\"><img loading=\"lazy\" decoding=\"async\" aria-describedby=\"caption-attachment-1855\" class=\"size-large wp-image-1855\" src=\"http:\/\/andreurodenas.files.wordpress.com\/2013\/08\/chile13.jpg?w=547\" alt=\"Seno Ultima Esperanza des de Puerto Natales \/ Ultima Esperanza fjord from Puerto Natales\" width=\"547\" height=\"337\" \/><p id=\"caption-attachment-1855\" class=\"wp-caption-text\"><strong><span style=\"color: #ff0000;\">Seno Ultima Esperanza desde Puerto Natales\u00a0<\/span><\/strong><\/p><\/div>\n<div id=\"attachment_1863\" style=\"width: 557px\" class=\"wp-caption aligncenter\"><img loading=\"lazy\" decoding=\"async\" aria-describedby=\"caption-attachment-1863\" class=\"size-large wp-image-1863\" src=\"http:\/\/andreurodenas.files.wordpress.com\/2013\/08\/chile71.jpg?w=547\" alt=\"Del refugi Las Torres al refugi Los Cuernos. P.N.Torres del Paine \/ From Las Torres shelter to the Los Cuernos shelter. Torres del Paine N.P.\" width=\"547\" height=\"283\" \/><p id=\"caption-attachment-1863\" class=\"wp-caption-text\"><strong><span style=\"color: #ff0000;\">Del refugio Las Torres al refugio Los Cuernos. P.N.Torres del Paine\u00a0<\/span><\/strong><\/p><\/div>\n<div id=\"attachment_1859\" style=\"width: 557px\" class=\"wp-caption aligncenter\"><img loading=\"lazy\" decoding=\"async\" aria-describedby=\"caption-attachment-1859\" class=\"size-large wp-image-1859\" src=\"http:\/\/andreurodenas.files.wordpress.com\/2013\/08\/chile31.jpg?w=547\" alt=\"Glacera Serrano. P.N. Bernardo O'HIggins \/ Serrano Glacier. Bernardo O'Higgins N.P.\" width=\"547\" height=\"491\" \/><p id=\"caption-attachment-1859\" class=\"wp-caption-text\"><strong><span style=\"color: #ff0000;\">Glaciar\u00a0Serrano. P.N. Bernardo O&#8217;HIggins\u00a0<\/span><\/strong><\/p><\/div>\n<div id=\"attachment_1854\" style=\"width: 557px\" class=\"wp-caption aligncenter\"><img loading=\"lazy\" decoding=\"async\" aria-describedby=\"caption-attachment-1854\" class=\"size-large wp-image-1854\" src=\"http:\/\/andreurodenas.files.wordpress.com\/2013\/08\/chile12.jpg?w=547\" alt=\"Seno Ultima Esperanza des de Puerto Natales \/ Ultima Esperanza fjord from Puerto Natales\" width=\"547\" height=\"410\" \/><p id=\"caption-attachment-1854\" class=\"wp-caption-text\"><strong><span style=\"color: #ff0000;\">Seno Ultima Esperanza desde Puerto Natales\u00a0<\/span><\/strong><\/p><\/div>\n<div id=\"attachment_1853\" style=\"width: 557px\" class=\"wp-caption aligncenter\"><img loading=\"lazy\" decoding=\"async\" aria-describedby=\"caption-attachment-1853\" class=\"size-large wp-image-1853\" src=\"http:\/\/andreurodenas.files.wordpress.com\/2013\/08\/chile11.jpg?w=547\" alt=\"P.N. Torres del Paine\" width=\"547\" height=\"362\" \/><p id=\"caption-attachment-1853\" class=\"wp-caption-text\"><strong><span style=\"color: #ff0000;\">P.N. Torres del Paine<\/span><\/strong><\/p><\/div>\n<div id=\"attachment_1849\" style=\"width: 557px\" class=\"wp-caption aligncenter\"><img loading=\"lazy\" decoding=\"async\" aria-describedby=\"caption-attachment-1849\" class=\"size-large wp-image-1849\" src=\"http:\/\/andreurodenas.files.wordpress.com\/2013\/08\/chile7.jpg?w=547\" alt=\"Los Cuernos. Torres del Paine\" width=\"547\" height=\"344\" \/><p id=\"caption-attachment-1849\" class=\"wp-caption-text\"><strong><span style=\"color: #ff0000;\">Los Cuernos. Torres del Paine<\/span><\/strong><\/p><\/div>\n<div id=\"attachment_1848\" style=\"width: 557px\" class=\"wp-caption aligncenter\"><img loading=\"lazy\" decoding=\"async\" aria-describedby=\"caption-attachment-1848\" class=\"size-large wp-image-1848\" src=\"http:\/\/andreurodenas.files.wordpress.com\/2013\/08\/chile6.jpg?w=547\" alt=\"Los Cuernos. Torres del Paine\" width=\"547\" height=\"316\" \/><p id=\"caption-attachment-1848\" class=\"wp-caption-text\"><strong><span style=\"color: #ff0000;\">Los Cuernos. Torres del Paine<\/span><\/strong><\/p><\/div>\n<p><span style=\"color: #000000;\">Los art\u00edculos que he escrito relacionados con Chile son:\u00a0<\/span><\/p>\n<p><a title=\"LA COVA DEL MILODON\" href=\"http:\/\/travelandreams.net\/la-cova-del-milodon-milodon-cave\/\">LA COVA DEL MILODON<\/a><\/p>","protected":false},"excerpt":{"rendered":"<p>Andreu R\u00f3denas En mi viaje a Patagonia y Tierra de Fuego estuve por unos d\u00edas en Chile. La parte chilena de la Patagonia es mucho menos \u00e1rida y ventosa que la parte de Argentina ya que la cordillera de los Andes hace de barrera natural y [&hellip;]<\/p>\n","protected":false},"author":4,"featured_media":3943,"comment_status":"closed","ping_status":"open","sticky":false,"template":"","format":"standard","meta":{"footnotes":""},"categories":[5,9,34,98,72],"tags":[171,33,176,177,76,39,79,208,43,71,73,102,207],"class_list":["post-3942","post","type-post","status-publish","format-standard","has-post-thumbnail","hentry","category-america","category-articulos","category-fotografia-2","category-patagonia","category-rutas","tag-chile","tag-fotografia","tag-glaceres","tag-glaciares","tag-muntanya","tag-nature","tag-parcs-nacionals","tag-patagonia","tag-photography","tag-ruta","tag-travel-and-tourism","tag-viatges-2","tag-xile"],"_links":{"self":[{"href":"https:\/\/travelandreams.net\/es\/wp-json\/wp\/v2\/posts\/3942","targetHints":{"allow":["GET"]}}],"collection":[{"href":"https:\/\/travelandreams.net\/es\/wp-json\/wp\/v2\/posts"}],"about":[{"href":"https:\/\/travelandreams.net\/es\/wp-json\/wp\/v2\/types\/post"}],"author":[{"embeddable":true,"href":"https:\/\/travelandreams.net\/es\/wp-json\/wp\/v2\/users\/4"}],"replies":[{"embeddable":true,"href":"https:\/\/travelandreams.net\/es\/wp-json\/wp\/v2\/comments?post=3942"}],"version-history":[{"count":8,"href":"https:\/\/travelandreams.net\/es\/wp-json\/wp\/v2\/posts\/3942\/revisions"}],"predecessor-version":[{"id":5150,"href":"https:\/\/travelandreams.net\/es\/wp-json\/wp\/v2\/posts\/3942\/revisions\/5150"}],"wp:featuredmedia":[{"embeddable":true,"href":"https:\/\/travelandreams.net\/es\/wp-json\/wp\/v2\/media\/3943"}],"wp:attachment":[{"href":"https:\/\/travelandreams.net\/es\/wp-json\/wp\/v2\/media?parent=3942"}],"wp:term":[{"taxonomy":"category","embeddable":true,"href":"https:\/\/travelandreams.net\/es\/wp-json\/wp\/v2\/categories?post=3942"},{"taxonomy":"post_tag","embeddable":true,"href":"https:\/\/travelandreams.net\/es\/wp-json\/wp\/v2\/tags?post=3942"}],"curies":[{"name":"wp","href":"https:\/\/api.w.org\/{rel}","templated":true}]}}