{"id":2252,"date":"2013-11-11T18:31:15","date_gmt":"2013-11-11T18:31:15","guid":{"rendered":"http:\/\/andreurodenas.wordpress.com\/?p=2252"},"modified":"2015-05-29T18:38:05","modified_gmt":"2015-05-29T18:38:05","slug":"la-ciutadella-de-quebec-quebec-citadel","status":"publish","type":"post","link":"https:\/\/travelandreams.net\/es\/la-ciutadella-de-quebec-quebec-citadel\/","title":{"rendered":"LA CIUDADELA DE QUEBEC"},"content":{"rendered":"<p><\/p>\n<p style=\"text-align: justify;\"><img loading=\"lazy\" decoding=\"async\" class=\"aligncenter size-full wp-image-2268\" src=\"http:\/\/travelandreams.net\/wp-content\/uploads\/2013\/11\/quebec15.jpg\" alt=\"quebec15\" width=\"334\" height=\"151\" \/><\/p>\n<p style=\"text-align: justify;\"><strong><em>Andreu R\u00f3denas<\/em><\/strong><\/p>\n<hr \/>\n<p style=\"text-align: justify;\"><span style=\"color: #000000;\">La ciudad de Quebec tiene muchos atractivos para ser visitada ya que no se puede entender la historia de Norte Am\u00e9rica sin conocer esta ciudad y sus muros que la rodean. En mayo de 2008 pasamos tres d\u00edas conociendola\u00a0a fondo y uno de los escenarios que m\u00e1s nos interes\u00f3 mucho fue la Ciudadela. Es un recinto militar situado en lo alto de la ciudad, dominando todos los alrededores y por encima del r\u00edo San Lorenzo. Seguramente es el lugar de la provincia de Quebec donde el sentimiento franc\u00f3fono tan arraigado a los quebequenses se muestra con m\u00e1s fuerza. Hay una frase que lo resume muy bien y que es uno de los emblemas de la sociedad quebequense: \u00abJE ME SOUVIENS\u00bb, que significa \u00abme acuerdo\u00bb o sea, que todos recuerdan de d\u00f3nde vienen y de d\u00f3nde son. Canad\u00e1 es un estado federal, pero en Quebec hay un sentimiento franc\u00f3fono muy arraigado entre su gente que hace que haya un movimiento nacionalista muy amplio.<\/span><\/p>\n<p style=\"text-align: justify;\"><img loading=\"lazy\" decoding=\"async\" class=\"aligncenter wp-image-2254 size-large\" src=\"http:\/\/travelandreams.net\/wp-content\/uploads\/2013\/11\/quebec1.jpg?w=547\" alt=\"Porta principal de la Ciutadella \/ Main entrance to the Citadel\" width=\"547\" height=\"294\" \/><\/p>\n<div id=\"attachment_2257\" style=\"width: 557px\" class=\"wp-caption aligncenter\"><img loading=\"lazy\" decoding=\"async\" aria-describedby=\"caption-attachment-2257\" class=\"size-large wp-image-2257\" src=\"http:\/\/travelandreams.net\/wp-content\/uploads\/2013\/11\/quebec4.jpg?w=547\" alt=\"quebec4\" width=\"547\" height=\"332\" \/><p id=\"caption-attachment-2257\" class=\"wp-caption-text\"><strong><span style=\"color: #ff0000;\">El lema\u00a0y\u00a0s\u00edmbolo de los quebequenses \u00abMe acuerdo\u00bb\u00a0<\/span><\/strong><\/p><\/div>\n<div id=\"attachment_2259\" style=\"width: 557px\" class=\"wp-caption aligncenter\"><img loading=\"lazy\" decoding=\"async\" aria-describedby=\"caption-attachment-2259\" class=\"size-large wp-image-2259\" src=\"http:\/\/travelandreams.net\/wp-content\/uploads\/2013\/11\/quebec6.jpg?w=547\" alt=\"Les plaques de matricula de Quebec amb el lema nacional \/ The Quebec plates with the national symbol\" width=\"547\" height=\"287\" \/><p id=\"caption-attachment-2259\" class=\"wp-caption-text\"><strong><span style=\"color: #ff0000;\">Las\u00a0placas\u00a0de matricula de Quebec conel lema nacional\u00a0<\/span><\/strong><\/p><\/div>\n<div id=\"attachment_2265\" style=\"width: 557px\" class=\"wp-caption aligncenter\"><img loading=\"lazy\" decoding=\"async\" aria-describedby=\"caption-attachment-2265\" class=\"size-large wp-image-2265\" src=\"http:\/\/travelandreams.net\/wp-content\/uploads\/2013\/11\/quebec12.jpg?w=547\" alt=\"Vista de la ciutat des de la Ciutadella \/ View of the city from the Citadel\" width=\"547\" height=\"437\" \/><p id=\"caption-attachment-2265\" class=\"wp-caption-text\"><strong><span style=\"color: #ff0000;\">Vista de la ciudad\u00a0desde la\u00a0Ciudadela<\/span><\/strong><\/p><\/div>\n<p style=\"text-align: justify;\"><span style=\"color: #000000;\">La Ciudadela es la fortaleza m\u00e1s grande construida en Norte Am\u00e9rica. Un lugar \u00fanico, se trata de una guarnici\u00f3n militar en activo, alguno de sus muros que la rodean tienen 300 a\u00f1os de historia militar de la ciudad de Quebec, abarcando los periodos franc\u00e9s, brit\u00e1nico y canadiense.<\/span><\/p>\n<p style=\"text-align: justify;\"><img loading=\"lazy\" decoding=\"async\" class=\"aligncenter size-large wp-image-2258\" src=\"http:\/\/travelandreams.net\/wp-content\/uploads\/2013\/11\/quebec5.jpg?w=547\" alt=\"quebec5\" width=\"547\" height=\"325\" \/><\/p>\n<p style=\"text-align: justify;\"><img loading=\"lazy\" decoding=\"async\" class=\"aligncenter size-large wp-image-2256\" src=\"http:\/\/travelandreams.net\/wp-content\/uploads\/2013\/11\/quebec3.jpg?w=547\" alt=\"quebec3\" width=\"547\" height=\"459\" \/><\/p>\n<div id=\"attachment_2263\" style=\"width: 557px\" class=\"wp-caption aligncenter\"><img loading=\"lazy\" decoding=\"async\" aria-describedby=\"caption-attachment-2263\" class=\"size-large wp-image-2263\" src=\"http:\/\/travelandreams.net\/wp-content\/uploads\/2013\/11\/quebec10.jpg?w=547\" alt=\"Edificis dins la Ciutadella \/ Buildings inside the Citadel\" width=\"547\" height=\"289\" \/><p id=\"caption-attachment-2263\" class=\"wp-caption-text\"><strong><span style=\"color: #ff0000;\">Edificios dentro de\u00a0la\u00a0Ciudadela<\/span><\/strong><\/p><\/div>\n<p style=\"text-align: justify;\"><span style=\"color: #000000;\">Se construy\u00f3 entre el 1820 y 1831 bas\u00e1ndose en el sistema defensivo dise\u00f1ado por el ingeniero franc\u00e9s Vauban (los que hay\u00e1is le\u00eddo Victus de Albert Sanchez Pi\u00f1ol sabreis\u00a0qui\u00e9n es). La Ciudadela de Quebec se construy\u00f3 bajo la direcci\u00f3n del Teniente-Coronel Elias Walker Durnford que era un oficial del ej\u00e9rcito Brit\u00e1nico. La Ciudadela es una guarnici\u00f3n militar, primero ocupada por las tropas brit\u00e1nicas y la artiller\u00eda canadiense, desde 1920 ha sido la residencia oficial del Real 22\u00ba Regimiento, que es el \u00fanico regimiento franc\u00f3fono de infanter\u00eda en el ej\u00e9rcito regular canadiense (CF regular Force). Tiene forma de pol\u00edgono con cuatro \u00e1ngulos representando una estrella y cubre 2,3 km2.<\/span><\/p>\n<div id=\"attachment_2269\" style=\"width: 718px\" class=\"wp-caption aligncenter\"><img loading=\"lazy\" decoding=\"async\" aria-describedby=\"caption-attachment-2269\" class=\" wp-image-2269 \" src=\"http:\/\/travelandreams.net\/wp-content\/uploads\/2013\/11\/quebec16.jpg\" alt=\"Froma poligonal. Vista a\u00e8ria \/ Poligonal shape. Aerial view (Wikipedia)\" width=\"708\" height=\"284\" \/><p id=\"caption-attachment-2269\" class=\"wp-caption-text\"><strong><span style=\"color: #ff0000;\">Forma\u00a0poligonal. Vista\u00a0a\u00e9rea<\/span><\/strong><\/p><\/div>\n<div id=\"attachment_2261\" style=\"width: 557px\" class=\"wp-caption aligncenter\"><img loading=\"lazy\" decoding=\"async\" aria-describedby=\"caption-attachment-2261\" class=\"size-large wp-image-2261\" src=\"http:\/\/travelandreams.net\/wp-content\/uploads\/2013\/11\/quebec8.jpg?w=547\" alt=\"Edificis dins la Ciutadella \/ Buildings inside the Citadel\" width=\"547\" height=\"410\" \/><p id=\"caption-attachment-2261\" class=\"wp-caption-text\"><strong><span style=\"color: #ff0000;\">Edificios dentro de\u00a0la\u00a0Ciudadela<\/span><\/strong><\/p><\/div>\n<p><img loading=\"lazy\" decoding=\"async\" class=\"aligncenter size-large wp-image-2262\" src=\"http:\/\/travelandreams.net\/wp-content\/uploads\/2013\/11\/quebec9.jpg?w=547\" alt=\"quebec9\" width=\"547\" height=\"328\" \/><\/p>\n<p style=\"text-align: justify;\"><span style=\"color: #000000;\">La Ciudadela comprende dos edificios construidos bajo el r\u00e9gimen franc\u00e9s, la \u00fanica entrada real dentro de la ciudad vieja de Quebec, la residencia oficial del Real 22\u00ba Regimiento, el Museo del Real 22\u00ba Regimiento y la residencia del Gobernador General de Canad\u00e1, entre otros .<\/span><\/p>\n<div id=\"attachment_2260\" style=\"width: 557px\" class=\"wp-caption aligncenter\"><img loading=\"lazy\" decoding=\"async\" aria-describedby=\"caption-attachment-2260\" class=\"size-large wp-image-2260\" src=\"http:\/\/travelandreams.net\/wp-content\/uploads\/2013\/11\/quebec7.jpg?w=547\" alt=\"La bandera del Quebec \/ Quebec's Flag\" width=\"547\" height=\"735\" \/><p id=\"caption-attachment-2260\" class=\"wp-caption-text\"><strong><span style=\"color: #ff0000;\">La bandera del Quebec\u00a0<\/span><\/strong><\/p><\/div>\n<div id=\"attachment_2267\" style=\"width: 557px\" class=\"wp-caption aligncenter\"><img loading=\"lazy\" decoding=\"async\" aria-describedby=\"caption-attachment-2267\" class=\"size-large wp-image-2267\" src=\"http:\/\/travelandreams.net\/wp-content\/uploads\/2013\/11\/quebec14.jpg?w=547\" alt=\"Porta d'entrada a la ciutat vella de Quebec \/ Main gate to the Old Quebec City\" width=\"547\" height=\"410\" \/><p id=\"caption-attachment-2267\" class=\"wp-caption-text\"><strong><span style=\"color: #ff0000;\">Puerta\u00a0de entrada a la ciudad vieja\u00a0de Quebec\u00a0<\/span><\/strong><\/p><\/div>\n<div id=\"attachment_2266\" style=\"width: 557px\" class=\"wp-caption aligncenter\"><img loading=\"lazy\" decoding=\"async\" aria-describedby=\"caption-attachment-2266\" class=\"size-large wp-image-2266\" src=\"http:\/\/travelandreams.net\/wp-content\/uploads\/2013\/11\/quebec13.jpg?w=547\" alt=\"Part de la muralla de la ciutat \/ One of the walls of the city\" width=\"547\" height=\"410\" \/><p id=\"caption-attachment-2266\" class=\"wp-caption-text\"><strong><span style=\"color: #ff0000;\">Parte\u00a0de la muralla de la\u00a0ciudad<\/span><\/strong><\/p><\/div>\n<div id=\"attachment_2255\" style=\"width: 557px\" class=\"wp-caption aligncenter\"><img loading=\"lazy\" decoding=\"async\" aria-describedby=\"caption-attachment-2255\" class=\"size-large wp-image-2255\" src=\"http:\/\/travelandreams.net\/wp-content\/uploads\/2013\/11\/quebec2.jpg?w=547\" alt=\"quebec2\" width=\"547\" height=\"343\" \/><p id=\"caption-attachment-2255\" class=\"wp-caption-text\"><strong><span style=\"color: #ff0000;\">Edificio principal dentro de\u00a0la\u00a0Ciudadela<\/span><\/strong><\/p><\/div>\n<p style=\"text-align: justify;\"><span style=\"color: #000000;\">En verano, los hombres y mujeres del Real 22\u00ba Regimiento contin\u00faan con las tradiciones militares desarrollando ceremonias como son el Cambio de Guardia y el latido de retirada con artiller\u00eda, para el deleite de los visitantes.<\/span><\/p>\n<p style=\"text-align: justify;\">\n<p><\/p>","protected":false},"excerpt":{"rendered":"<p>Andreu R\u00f3denas La ciudad de Quebec tiene muchos atractivos para ser visitada ya que no se puede entender la historia de Norte Am\u00e9rica sin conocer esta ciudad y sus muros que la rodean. En mayo de 2008 pasamos tres d\u00edas conociendola\u00a0a fondo y uno de los [&hellip;]<\/p>\n","protected":false},"author":4,"featured_media":3751,"comment_status":"open","ping_status":"open","sticky":false,"template":"","format":"standard","meta":{"footnotes":""},"categories":[5,9,68,34,48,72],"tags":[67,127,128,55,33,43,203,129,130,73],"class_list":["post-2252","post","type-post","status-publish","format-standard","has-post-thumbnail","hentry","category-america","category-articulos","category-canada-2","category-fotografia-2","category-quebec","category-rutas","tag-canada","tag-citadelle-of-quebec","tag-ciutadella","tag-ciutats","tag-fotografia","tag-photography","tag-quebec","tag-quebec-city","tag-saint-lawrence-river","tag-travel-and-tourism"],"_links":{"self":[{"href":"https:\/\/travelandreams.net\/es\/wp-json\/wp\/v2\/posts\/2252","targetHints":{"allow":["GET"]}}],"collection":[{"href":"https:\/\/travelandreams.net\/es\/wp-json\/wp\/v2\/posts"}],"about":[{"href":"https:\/\/travelandreams.net\/es\/wp-json\/wp\/v2\/types\/post"}],"author":[{"embeddable":true,"href":"https:\/\/travelandreams.net\/es\/wp-json\/wp\/v2\/users\/4"}],"replies":[{"embeddable":true,"href":"https:\/\/travelandreams.net\/es\/wp-json\/wp\/v2\/comments?post=2252"}],"version-history":[{"count":7,"href":"https:\/\/travelandreams.net\/es\/wp-json\/wp\/v2\/posts\/2252\/revisions"}],"predecessor-version":[{"id":4694,"href":"https:\/\/travelandreams.net\/es\/wp-json\/wp\/v2\/posts\/2252\/revisions\/4694"}],"wp:featuredmedia":[{"embeddable":true,"href":"https:\/\/travelandreams.net\/es\/wp-json\/wp\/v2\/media\/3751"}],"wp:attachment":[{"href":"https:\/\/travelandreams.net\/es\/wp-json\/wp\/v2\/media?parent=2252"}],"wp:term":[{"taxonomy":"category","embeddable":true,"href":"https:\/\/travelandreams.net\/es\/wp-json\/wp\/v2\/categories?post=2252"},{"taxonomy":"post_tag","embeddable":true,"href":"https:\/\/travelandreams.net\/es\/wp-json\/wp\/v2\/tags?post=2252"}],"curies":[{"name":"wp","href":"https:\/\/api.w.org\/{rel}","templated":true}]}}