{"id":2163,"date":"2013-10-14T18:17:21","date_gmt":"2013-10-14T18:17:21","guid":{"rendered":"http:\/\/andreurodenas.wordpress.com\/?p=2163"},"modified":"2015-05-29T19:07:01","modified_gmt":"2015-05-29T19:07:01","slug":"persones","status":"publish","type":"post","link":"https:\/\/travelandreams.net\/es\/persones\/","title":{"rendered":"PERSONAS"},"content":{"rendered":"<p><strong><em>Andreu R\u00f3denas<\/em><\/strong><\/p>\n<hr \/>\n<p style=\"text-align: justify;\"><span style=\"color: #000000;\">En mis viajes las personas tambi\u00e9n son importantes y por eso quiero dejar testimonio de todas aquellas que he conocido, hay con los que tan s\u00f3lo ha sido una fotograf\u00eda, pero otros\u00a0ser\u00e1n amigos para siempre y con los que, gracias a las redes sociales e internet, mantengo contacto normalmente. Mi reconocimiento a todos ellos y a la gran labor que hacen para que los visitantes como nosotros podamos disfrutar de buenas estancias en sus\u00a0pa\u00edses.<\/span><\/p>\n<div id=\"attachment_4550\" style=\"width: 510px\" class=\"wp-caption aligncenter\"><a href=\"http:\/\/travelandreams.net\/wp-content\/uploads\/2013\/10\/IMG_0076.jpg\"><img loading=\"lazy\" decoding=\"async\" aria-describedby=\"caption-attachment-4550\" class=\"wp-image-4550\" src=\"http:\/\/travelandreams.net\/wp-content\/uploads\/2013\/10\/IMG_0076.jpg\" alt=\"IMG_0076\" width=\"500\" height=\"375\" srcset=\"https:\/\/travelandreams.net\/wp-content\/uploads\/2013\/10\/IMG_0076.jpg 1824w, https:\/\/travelandreams.net\/wp-content\/uploads\/2013\/10\/IMG_0076-300x225.jpg 300w, https:\/\/travelandreams.net\/wp-content\/uploads\/2013\/10\/IMG_0076-1024x768.jpg 1024w, https:\/\/travelandreams.net\/wp-content\/uploads\/2013\/10\/IMG_0076-960x720.jpg 960w, https:\/\/travelandreams.net\/wp-content\/uploads\/2013\/10\/IMG_0076-440x330.jpg 440w\" sizes=\"auto, (max-width: 500px) 100vw, 500px\" \/><\/a><p id=\"caption-attachment-4550\" class=\"wp-caption-text\"><strong><span style=\"color: #ff0000;\">Con\u00a0Made Riasa en\u00a0Bali, ya\u00a0no \u00e9s un guia, \u00e9s un\u00a0amigo para siempre<\/span><\/strong><\/p><\/div>\n<p style=\"text-align: justify;\"><span style=\"color: #000000;\">Cuando viajamos no todo es naturaleza, paisajes, fauna, ciudades, monumentos, calles o plazas, los viajes tambi\u00e9n tienen un importante aspecto de relaciones sociales, de contacto personal, de intercambio entre iguales. No hay viaje completo sin el intercambio de conocimientos, de experiencias. Taxistas, camareros, polic\u00edas, comerciantes, gu\u00edas, etc. nos pueden enriquecer y ayudarnos a hacer nuestro viaje mucho mejor.<\/span><\/p>\n<div id=\"attachment_4555\" style=\"width: 610px\" class=\"wp-caption aligncenter\"><a href=\"http:\/\/travelandreams.net\/wp-content\/uploads\/2013\/10\/IMG_5922a.jpg\"><img loading=\"lazy\" decoding=\"async\" aria-describedby=\"caption-attachment-4555\" class=\"wp-image-4555 size-full\" src=\"http:\/\/travelandreams.net\/wp-content\/uploads\/2013\/10\/IMG_5922a.jpg\" alt=\"IMG_5922a\" width=\"600\" height=\"450\" srcset=\"https:\/\/travelandreams.net\/wp-content\/uploads\/2013\/10\/IMG_5922a.jpg 600w, https:\/\/travelandreams.net\/wp-content\/uploads\/2013\/10\/IMG_5922a-300x225.jpg 300w, https:\/\/travelandreams.net\/wp-content\/uploads\/2013\/10\/IMG_5922a-440x330.jpg 440w\" sizes=\"auto, (max-width: 600px) 100vw, 600px\" \/><\/a><p id=\"caption-attachment-4555\" class=\"wp-caption-text\"><strong><span style=\"color: #ff0000;\">Con Don German en la reserva ind\u00edgena Kekoldi, Costa Rica<\/span><\/strong><\/p><\/div>\n<div id=\"attachment_4551\" style=\"width: 510px\" class=\"wp-caption aligncenter\"><a href=\"http:\/\/travelandreams.net\/wp-content\/uploads\/2013\/10\/IMG_8646.jpg\"><img loading=\"lazy\" decoding=\"async\" aria-describedby=\"caption-attachment-4551\" class=\"wp-image-4551\" src=\"http:\/\/travelandreams.net\/wp-content\/uploads\/2013\/10\/IMG_8646.jpg\" alt=\"IMG_8646\" width=\"500\" height=\"524\" srcset=\"https:\/\/travelandreams.net\/wp-content\/uploads\/2013\/10\/IMG_8646.jpg 2613w, https:\/\/travelandreams.net\/wp-content\/uploads\/2013\/10\/IMG_8646-286x300.jpg 286w, https:\/\/travelandreams.net\/wp-content\/uploads\/2013\/10\/IMG_8646-977x1024.jpg 977w, https:\/\/travelandreams.net\/wp-content\/uploads\/2013\/10\/IMG_8646-960x1005.jpg 960w, https:\/\/travelandreams.net\/wp-content\/uploads\/2013\/10\/IMG_8646-440x460.jpg 440w\" sizes=\"auto, (max-width: 500px) 100vw, 500px\" \/><\/a><p id=\"caption-attachment-4551\" class=\"wp-caption-text\"><strong><span style=\"color: #ff0000;\">N\u00faria con\u00a0Sebas que nos llev\u00f3 al\u00a0\u00a0volc\u00e0n Merapi en Java<\/span><\/strong><\/p><\/div>\n<p style=\"text-align: justify;\"><span style=\"color: #000000;\">Yo siempre he intentado hacer nuevas amistades, compartir ideas, charlar para hacer mucho\u00a0m\u00e1s interesante mi viaje y aprender nuevos conocimientos y an\u00e9cdotas de los lugares que he visitado. Aqu\u00ed os dejo mi peque\u00f1o tributo a todos aquellos que en alg\u00fan momento me han ayudado, me han apoyado o simplemente han accedido a compartir una imagen conmigo o con Nuria que har\u00e1 que formen parte de nuestra vivencia para siempre.<\/span><\/p>\n<div id=\"attachment_4554\" style=\"width: 510px\" class=\"wp-caption aligncenter\"><a href=\"http:\/\/travelandreams.net\/wp-content\/uploads\/2013\/10\/IMG_5714.jpg\"><img loading=\"lazy\" decoding=\"async\" aria-describedby=\"caption-attachment-4554\" class=\"wp-image-4554\" src=\"http:\/\/travelandreams.net\/wp-content\/uploads\/2013\/10\/IMG_5714.jpg\" alt=\"IMG_5714\" width=\"500\" height=\"375\" srcset=\"https:\/\/travelandreams.net\/wp-content\/uploads\/2013\/10\/IMG_5714.jpg 2816w, https:\/\/travelandreams.net\/wp-content\/uploads\/2013\/10\/IMG_5714-300x225.jpg 300w, https:\/\/travelandreams.net\/wp-content\/uploads\/2013\/10\/IMG_5714-1024x768.jpg 1024w, https:\/\/travelandreams.net\/wp-content\/uploads\/2013\/10\/IMG_5714-960x720.jpg 960w, https:\/\/travelandreams.net\/wp-content\/uploads\/2013\/10\/IMG_5714-440x330.jpg 440w\" sizes=\"auto, (max-width: 500px) 100vw, 500px\" \/><\/a><p id=\"caption-attachment-4554\" class=\"wp-caption-text\"><strong><span style=\"color: #ff0000;\">Francisco nos ense\u00f1\u00f3 toda la fauna del PN Tortuguero en Costa Rica<\/span><\/strong><\/p><\/div>\n<div id=\"attachment_4546\" style=\"width: 560px\" class=\"wp-caption aligncenter\"><a href=\"http:\/\/travelandreams.net\/wp-content\/uploads\/2013\/10\/IMG_9056.jpg\"><img loading=\"lazy\" decoding=\"async\" aria-describedby=\"caption-attachment-4546\" class=\"wp-image-4546\" src=\"http:\/\/travelandreams.net\/wp-content\/uploads\/2013\/10\/IMG_9056.jpg\" alt=\"IMG_9056\" width=\"550\" height=\"278\" srcset=\"https:\/\/travelandreams.net\/wp-content\/uploads\/2013\/10\/IMG_9056.jpg 3214w, https:\/\/travelandreams.net\/wp-content\/uploads\/2013\/10\/IMG_9056-300x151.jpg 300w, https:\/\/travelandreams.net\/wp-content\/uploads\/2013\/10\/IMG_9056-1024x516.jpg 1024w, https:\/\/travelandreams.net\/wp-content\/uploads\/2013\/10\/IMG_9056-960x484.jpg 960w, https:\/\/travelandreams.net\/wp-content\/uploads\/2013\/10\/IMG_9056-440x222.jpg 440w\" sizes=\"auto, (max-width: 550px) 100vw, 550px\" \/><\/a><p id=\"caption-attachment-4546\" class=\"wp-caption-text\"><strong><span style=\"color: #ff0000;\">Con\u00a0Toris (izquierda) nuestro guia en Borneo y\u00a0la tripulaci\u00f3n del Tiana<\/span><\/strong><\/p><\/div>\n<div id=\"attachment_4552\" style=\"width: 385px\" class=\"wp-caption aligncenter\"><a href=\"http:\/\/travelandreams.net\/wp-content\/uploads\/2013\/10\/DSCN5387a.jpg\"><img loading=\"lazy\" decoding=\"async\" aria-describedby=\"caption-attachment-4552\" class=\"wp-image-4552\" src=\"http:\/\/travelandreams.net\/wp-content\/uploads\/2013\/10\/DSCN5387a.jpg\" alt=\"DSCN5387a\" width=\"375\" height=\"500\" srcset=\"https:\/\/travelandreams.net\/wp-content\/uploads\/2013\/10\/DSCN5387a.jpg 650w, https:\/\/travelandreams.net\/wp-content\/uploads\/2013\/10\/DSCN5387a-225x300.jpg 225w, https:\/\/travelandreams.net\/wp-content\/uploads\/2013\/10\/DSCN5387a-440x586.jpg 440w\" sizes=\"auto, (max-width: 375px) 100vw, 375px\" \/><\/a><p id=\"caption-attachment-4552\" class=\"wp-caption-text\"><strong><span style=\"color: #ff0000;\">Con\u00a0dos\u00a0trabajadoras\u00a0(transportan rocas en la espalda) en\u00a0volc\u00e0n Merapi en la isla de Java<\/span><\/strong><\/p><\/div>\n<div id=\"attachment_4547\" style=\"width: 510px\" class=\"wp-caption aligncenter\"><a href=\"http:\/\/travelandreams.net\/wp-content\/uploads\/2013\/10\/IMG_8773.jpg\"><img loading=\"lazy\" decoding=\"async\" aria-describedby=\"caption-attachment-4547\" class=\"wp-image-4547\" src=\"http:\/\/travelandreams.net\/wp-content\/uploads\/2013\/10\/IMG_8773.jpg\" alt=\"IMG_8773\" width=\"500\" height=\"375\" srcset=\"https:\/\/travelandreams.net\/wp-content\/uploads\/2013\/10\/IMG_8773.jpg 3648w, https:\/\/travelandreams.net\/wp-content\/uploads\/2013\/10\/IMG_8773-300x225.jpg 300w, https:\/\/travelandreams.net\/wp-content\/uploads\/2013\/10\/IMG_8773-1024x768.jpg 1024w, https:\/\/travelandreams.net\/wp-content\/uploads\/2013\/10\/IMG_8773-960x720.jpg 960w, https:\/\/travelandreams.net\/wp-content\/uploads\/2013\/10\/IMG_8773-440x330.jpg 440w\" sizes=\"auto, (max-width: 500px) 100vw, 500px\" \/><\/a><p id=\"caption-attachment-4547\" class=\"wp-caption-text\"><strong><span style=\"color: #ff0000;\">Toris Subaru, gran barcelonista en\u00a0Borneo<\/span><\/strong><\/p><\/div>\n<div id=\"attachment_4548\" style=\"width: 610px\" class=\"wp-caption aligncenter\"><a href=\"http:\/\/travelandreams.net\/wp-content\/uploads\/2013\/10\/BROMO-ANDREU-159.jpg\"><img loading=\"lazy\" decoding=\"async\" aria-describedby=\"caption-attachment-4548\" class=\"wp-image-4548\" src=\"http:\/\/travelandreams.net\/wp-content\/uploads\/2013\/10\/BROMO-ANDREU-159-1024x768.jpg\" alt=\"BROMO-ANDREU (159)\" width=\"600\" height=\"450\" srcset=\"https:\/\/travelandreams.net\/wp-content\/uploads\/2013\/10\/BROMO-ANDREU-159-1024x768.jpg 1024w, https:\/\/travelandreams.net\/wp-content\/uploads\/2013\/10\/BROMO-ANDREU-159-300x225.jpg 300w, https:\/\/travelandreams.net\/wp-content\/uploads\/2013\/10\/BROMO-ANDREU-159-960x720.jpg 960w, https:\/\/travelandreams.net\/wp-content\/uploads\/2013\/10\/BROMO-ANDREU-159-440x330.jpg 440w\" sizes=\"auto, (max-width: 600px) 100vw, 600px\" \/><\/a><p id=\"caption-attachment-4548\" class=\"wp-caption-text\"><strong><span style=\"color: #ff0000;\">Mi amigo en\u00a0Java es Helmy que nos llev\u00f3 a visitar los volcanes\u00a0Bromo e\u00a0Ijen en Java<\/span><\/strong><\/p><\/div>\n<div id=\"attachment_4328\" style=\"width: 650px\" class=\"wp-caption aligncenter\"><a href=\"http:\/\/travelandreams.net\/wp-content\/uploads\/2015\/04\/IJEN-ANDREU-10-640x480.jpg\"><img loading=\"lazy\" decoding=\"async\" aria-describedby=\"caption-attachment-4328\" class=\"wp-image-4328 size-full\" src=\"http:\/\/travelandreams.net\/wp-content\/uploads\/2015\/04\/IJEN-ANDREU-10-640x480.jpg\" alt=\"IJEN-ANDREU (10) (640x480)\" width=\"640\" height=\"480\" srcset=\"https:\/\/travelandreams.net\/wp-content\/uploads\/2015\/04\/IJEN-ANDREU-10-640x480.jpg 640w, https:\/\/travelandreams.net\/wp-content\/uploads\/2015\/04\/IJEN-ANDREU-10-640x480-300x225.jpg 300w, https:\/\/travelandreams.net\/wp-content\/uploads\/2015\/04\/IJEN-ANDREU-10-640x480-440x330.jpg 440w\" sizes=\"auto, (max-width: 640px) 100vw, 640px\" \/><\/a><p id=\"caption-attachment-4328\" class=\"wp-caption-text\"><span style=\"color: #ff0000;\"><strong>Con\u00a0Mad\u00ed, un minero en el\u00a0volc\u00e0n Kawah Ijen en\u00a0Indon\u00e8sia<\/strong><\/span><\/p><\/div>\n<div id=\"attachment_2178\" style=\"width: 557px\" class=\"wp-caption aligncenter\"><img loading=\"lazy\" decoding=\"async\" aria-describedby=\"caption-attachment-2178\" class=\"size-large wp-image-2178\" src=\"http:\/\/travelandreams.net\/wp-content\/uploads\/2013\/10\/dscn4198.jpg?w=547\" alt=\"Andreu amb l'Alejandro el nostre guia particular a Cataratas de Iguaz\u00fa \/ Andreu with Alejandro our personal guide in Cataratas de Iguaz\u00fa\" width=\"547\" height=\"459\" \/><p id=\"caption-attachment-2178\" class=\"wp-caption-text\"><strong><span style=\"color: #ff0000;\">Con\u00a0Alejandro nuestro\u00a0guia particular en las\u00a0Cataratas de Iguaz\u00fa en Argentina\u00a0<\/span><\/strong><\/p><\/div>\n<div id=\"attachment_2173\" style=\"width: 557px\" class=\"wp-caption aligncenter\"><img loading=\"lazy\" decoding=\"async\" aria-describedby=\"caption-attachment-2173\" class=\"size-large wp-image-2173\" src=\"http:\/\/travelandreams.net\/wp-content\/uploads\/2013\/10\/dscn2275.jpg?w=547\" alt=\"Amb la Policia Muntada del Canadd\u00e0 \/ With de Royal Canadian Mounted  Police\" width=\"547\" height=\"729\" \/><p id=\"caption-attachment-2173\" class=\"wp-caption-text\"><strong><span style=\"color: #ff0000;\">N\u00faria con\u00a0un miembro\u00a0de la Policia Montada del Canad\u00e0\u00a0<\/span><\/strong><\/p><\/div>\n<div id=\"attachment_2193\" style=\"width: 557px\" class=\"wp-caption aligncenter\"><img loading=\"lazy\" decoding=\"async\" aria-describedby=\"caption-attachment-2193\" class=\"size-large wp-image-2193\" src=\"http:\/\/travelandreams.net\/wp-content\/uploads\/2013\/10\/dscn6934.jpg?w=547\" alt=\"Amb el meu amic \" width=\"547\" height=\"729\" \/><p id=\"caption-attachment-2193\" class=\"wp-caption-text\"><strong><span style=\"color: #ff0000;\">Con mi amigo\u00a0\u00abAntonio\u00bb en el rio\u00a0Nilo. Egipto<\/span><\/strong><\/p><\/div>\n<div id=\"attachment_2181\" style=\"width: 557px\" class=\"wp-caption aligncenter\"><img loading=\"lazy\" decoding=\"async\" aria-describedby=\"caption-attachment-2181\" class=\"size-large wp-image-2181\" src=\"http:\/\/travelandreams.net\/wp-content\/uploads\/2013\/10\/dscn5058.jpg?w=547\" alt=\"N\u00faria amb Santiago Munn\u00e9 a San Francisco \/ N\u00faria with Santiago Munn\u00e9 in san Francisco\" width=\"547\" height=\"410\" \/><p id=\"caption-attachment-2181\" class=\"wp-caption-text\"><strong><span style=\"color: #ff0000;\">N\u00faria y\u00a0Santiago Munn\u00e9 (mi hermano yanky) en San Francisco\u00a0<\/span><\/strong><\/p><\/div>\n<div id=\"attachment_2221\" style=\"width: 557px\" class=\"wp-caption aligncenter\"><img loading=\"lazy\" decoding=\"async\" aria-describedby=\"caption-attachment-2221\" class=\"size-large wp-image-2221\" src=\"http:\/\/travelandreams.net\/wp-content\/uploads\/2013\/10\/img_4467.jpg?w=547\" alt=\"El \" width=\"547\" height=\"729\" \/><p id=\"caption-attachment-2221\" class=\"wp-caption-text\"><strong><span style=\"color: #ff0000;\">El \u00abnarigudo\u00bb era nuestro\u00a0guia en el\u00a0Lago Fagnano, Tierra del Fuego\u00a0<\/span><\/strong><\/p><\/div>\n<div id=\"attachment_2202\" style=\"width: 557px\" class=\"wp-caption aligncenter\"><img loading=\"lazy\" decoding=\"async\" aria-describedby=\"caption-attachment-2202\" class=\"size-large wp-image-2202\" src=\"http:\/\/travelandreams.net\/wp-content\/uploads\/2013\/10\/img_3429.jpg?w=547\" alt=\"Els guies de l'excursi\u00f3 al Parque Nacional de Las Torres del Paine \/ Our guides in the trip to the Torres del Paine National Park\" width=\"547\" height=\"224\" \/><p id=\"caption-attachment-2202\" class=\"wp-caption-text\"><strong><span style=\"color: #ff0000;\">Los guias\u00a0que nos llevaron\u00a0al Parque Nacional de Las Torres del Paine\u00a0<\/span><\/strong><\/p><\/div>\n<div id=\"attachment_2233\" style=\"width: 557px\" class=\"wp-caption aligncenter\"><img loading=\"lazy\" decoding=\"async\" aria-describedby=\"caption-attachment-2233\" class=\"size-large wp-image-2233\" src=\"http:\/\/travelandreams.net\/wp-content\/uploads\/2013\/10\/rotorua-nuria-96b.jpg?w=547\" alt=\"Ballant la Haka a Rotorua. Nova Zelanda \/ Dancing the Haka in Rotorua. New Zealand\" width=\"547\" height=\"410\" \/><p id=\"caption-attachment-2233\" class=\"wp-caption-text\"><strong><span style=\"color: #ff0000;\">Ballant la Haka con Pepe\u00a0en\u00a0Rotorua. Nueva\u00a0Zelanda\u00a0<\/span><\/strong><\/p><\/div>\n<div id=\"attachment_2205\" style=\"width: 557px\" class=\"wp-caption aligncenter\"><img loading=\"lazy\" decoding=\"async\" aria-describedby=\"caption-attachment-2205\" class=\"size-large wp-image-2205\" src=\"http:\/\/travelandreams.net\/wp-content\/uploads\/2013\/10\/img_3625.jpg?w=547\" alt=\"Amb Josep Serrano i Paco Clos als pirineus \/ With Josep Serrano and Paco Clos in the Pyrenees\" width=\"547\" height=\"410\" \/><p id=\"caption-attachment-2205\" class=\"wp-caption-text\"><strong><span style=\"color: #ff0000;\">Con\u00a0Josep Serrano i Paco Clos por los Pirineos\u00a0<\/span><\/strong><\/p><\/div>\n<div id=\"attachment_2216\" style=\"width: 557px\" class=\"wp-caption aligncenter\"><img loading=\"lazy\" decoding=\"async\" aria-describedby=\"caption-attachment-2216\" class=\"size-large wp-image-2216\" src=\"http:\/\/travelandreams.net\/wp-content\/uploads\/2013\/10\/img_4301.jpg?w=547\" alt=\"Beto era el nostre guia a la Isla Gable. Ushuaia, Argentina \/ Beto was our guide in  Isla Gable. Ushuaia. Argentina\" width=\"547\" height=\"729\" \/><p id=\"caption-attachment-2216\" class=\"wp-caption-text\"><strong><span style=\"color: #ff0000;\">Beto era nuestro\u00a0guia\u00a0en\u00a0la Isla Gable. Ushuaia, Argentina\u00a0<\/span><\/strong><\/p><\/div>\n<div id=\"attachment_2167\" style=\"width: 557px\" class=\"wp-caption aligncenter\"><img loading=\"lazy\" decoding=\"async\" aria-describedby=\"caption-attachment-2167\" class=\"size-large wp-image-2167\" src=\"http:\/\/travelandreams.net\/wp-content\/uploads\/2013\/10\/cana1-240.jpg?w=547\" alt=\"La professora que ens va parlar de la hist\u00f2ria del Canad\u00e0 a Upper  Canada Village \/ The teacher who talk to us abour Canada history in Upper Canada Village\" width=\"547\" height=\"410\" \/><p id=\"caption-attachment-2167\" class=\"wp-caption-text\"><strong><span style=\"color: #ff0000;\">La profesora que nos habl\u00f3\u00a0de la historia del Canad\u00e0 en\u00a0Upper Canada Village\u00a0<\/span><\/strong><\/p><\/div>\n<div id=\"attachment_2171\" style=\"width: 557px\" class=\"wp-caption aligncenter\"><img loading=\"lazy\" decoding=\"async\" aria-describedby=\"caption-attachment-2171\" class=\"size-large wp-image-2171\" src=\"http:\/\/travelandreams.net\/wp-content\/uploads\/2013\/10\/dscn0244.jpg?w=547\" alt=\"Fent Guardia al Castell de Praga \/ During a ward in Prague Castle\" width=\"547\" height=\"763\" \/><p id=\"caption-attachment-2171\" class=\"wp-caption-text\"><strong><span style=\"color: #ff0000;\">Haciendo\u00a0Guardia en el\u00a0Castillo\u00a0de Praga\u00a0<\/span><\/strong><\/p><\/div>\n<div id=\"attachment_2170\" style=\"width: 557px\" class=\"wp-caption aligncenter\"><img loading=\"lazy\" decoding=\"async\" aria-describedby=\"caption-attachment-2170\" class=\"size-large wp-image-2170\" src=\"http:\/\/travelandreams.net\/wp-content\/uploads\/2013\/10\/canada-231.jpg?w=547\" alt=\"Amb la propietaria de l'hotel Alberg du Trappeur al Parc Nacional de La Mauricie a Quebec \/ With the Auberge du Trappeur hotel owner in La Mauricie National Park in Quebec\" width=\"547\" height=\"410\" \/><p id=\"caption-attachment-2170\" class=\"wp-caption-text\"><strong><span style=\"color: #ff0000;\">Con\u00a0la propietaria del hotel Alberg du Trappeur en el\u00a0Parque\u00a0Nacional de La Mauricie en Quebec\u00a0<\/span><\/strong><\/p><\/div>\n<div id=\"attachment_2226\" style=\"width: 557px\" class=\"wp-caption aligncenter\"><img loading=\"lazy\" decoding=\"async\" aria-describedby=\"caption-attachment-2226\" class=\"size-large wp-image-2226\" src=\"http:\/\/travelandreams.net\/wp-content\/uploads\/2013\/10\/rotorua-nuria-35.jpg?w=547\" alt=\"Dona maor\u00ed a Rotorua. Nova Zelanda \/ Maori woman in Rotorua. New Zealand\" width=\"547\" height=\"729\" \/><p id=\"caption-attachment-2226\" class=\"wp-caption-text\"><strong><span style=\"color: #ff0000;\">Mujer\u00a0maor\u00ed en\u00a0Rotorua. Nova Zelanda<\/span><\/strong><\/p><\/div>\n<div id=\"attachment_2169\" style=\"width: 557px\" class=\"wp-caption aligncenter\"><img loading=\"lazy\" decoding=\"async\" aria-describedby=\"caption-attachment-2169\" class=\"size-large wp-image-2169\" src=\"http:\/\/travelandreams.net\/wp-content\/uploads\/2013\/10\/cana2-099.jpg?w=547\" alt=\"cana2 099\" width=\"547\" height=\"410\" \/><p id=\"caption-attachment-2169\" class=\"wp-caption-text\"><strong><span style=\"color: #ff0000;\">Unos amigos de Chicoutimi en el fiordo Saguenay en\u00a0Quebec\u00a0<\/span><\/strong><\/p><\/div>\n<div id=\"attachment_2228\" style=\"width: 557px\" class=\"wp-caption aligncenter\"><img loading=\"lazy\" decoding=\"async\" aria-describedby=\"caption-attachment-2228\" class=\"size-large wp-image-2228\" src=\"http:\/\/travelandreams.net\/wp-content\/uploads\/2013\/10\/waitangui-andreu-47.jpg?w=547\" alt=\"Guerrer maor\u00ed. Paihia, NOva Zelanda \/ Maori warrior. Paihia, New Zealand\" width=\"547\" height=\"819\" \/><p id=\"caption-attachment-2228\" class=\"wp-caption-text\"><strong><span style=\"color: #ff0000;\">Guerrero maor\u00ed. Paihia, Nueva\u00a0Zelanda\u00a0<\/span><\/strong><\/p><\/div>\n<div id=\"attachment_2222\" style=\"width: 557px\" class=\"wp-caption aligncenter\"><img loading=\"lazy\" decoding=\"async\" aria-describedby=\"caption-attachment-2222\" class=\"size-large wp-image-2222\" src=\"http:\/\/travelandreams.net\/wp-content\/uploads\/2013\/10\/img_4486.jpg?w=547\" alt=\"Caminant pel Parc Natural del Cap de Creus \/ Hiking in Cap de Creus Natural Park\" width=\"547\" height=\"410\" \/><p id=\"caption-attachment-2222\" class=\"wp-caption-text\"><strong><span style=\"color: #ff0000;\">Caminando por el\u00a0Parc Natural del Cap de Creus. Girona. Catalunya<\/span><\/strong><\/p><\/div>\n<div id=\"attachment_2225\" style=\"width: 557px\" class=\"wp-caption aligncenter\"><img loading=\"lazy\" decoding=\"async\" aria-describedby=\"caption-attachment-2225\" class=\"size-large wp-image-2225\" src=\"http:\/\/travelandreams.net\/wp-content\/uploads\/2013\/10\/malborough-andreu-31-copia.jpg?w=547\" alt=\"Amb uns amics de Calafell en el ferry cap a la illa sud de Nova Zelanda \/ With a friends from Calafell in the ferry to  the South Island, New Zealand\" width=\"547\" height=\"365\" \/><p id=\"caption-attachment-2225\" class=\"wp-caption-text\"><strong><span style=\"color: #ff0000;\">Coincidimos con\u00a0uns amigos\u00a0de Calafell en el ferry hacia\u00a0la isla sur\u00a0de Nueva\u00a0Zelanda\u00a0<\/span><\/strong><\/p><\/div>\n<div id=\"attachment_2220\" style=\"width: 557px\" class=\"wp-caption aligncenter\"><img loading=\"lazy\" decoding=\"async\" aria-describedby=\"caption-attachment-2220\" class=\"size-large wp-image-2220\" src=\"http:\/\/travelandreams.net\/wp-content\/uploads\/2013\/10\/img_4449.jpg?w=547\" alt=\"Dinant en el refugi del Lago Fagnano amb una familia brasilera. Tierra del Fuego \/ Dining with a brasilian family in Lago Fagnano, Tierra del Fuego\" width=\"547\" height=\"410\" \/><p id=\"caption-attachment-2220\" class=\"wp-caption-text\"><strong><span style=\"color: #ff0000;\">Comiendo\u00a0en el refugio del Lago Fagnano con\u00a0una familia brasile\u00f1a. Tierra del Fuego\u00a0<\/span><\/strong><\/p><\/div>\n<div id=\"attachment_2219\" style=\"width: 557px\" class=\"wp-caption aligncenter\"><img loading=\"lazy\" decoding=\"async\" aria-describedby=\"caption-attachment-2219\" class=\"size-large wp-image-2219\" src=\"http:\/\/travelandreams.net\/wp-content\/uploads\/2013\/10\/img_4370.jpg?w=547\" alt=\"En un dels  restaurants de Ushuaia. Argentina \/ In one of the restaurants in Ushuaia. Argentina \" width=\"547\" height=\"729\" \/><p id=\"caption-attachment-2219\" class=\"wp-caption-text\"><strong><span style=\"color: #ff0000;\">En uno de los restaurants de Ushuaia. Argentina<\/span><\/strong><\/p><\/div>\n<div id=\"attachment_2218\" style=\"width: 557px\" class=\"wp-caption aligncenter\"><img loading=\"lazy\" decoding=\"async\" aria-describedby=\"caption-attachment-2218\" class=\"size-large wp-image-2218\" src=\"http:\/\/travelandreams.net\/wp-content\/uploads\/2013\/10\/img_4351.jpg?w=547\" alt=\"Dins de la barca cap a la Isla Martillo. Tierra del Fuego \/ Inside the boat going to Isla Martillo. Tierra del Fuego\" width=\"547\" height=\"338\" \/><p id=\"caption-attachment-2218\" class=\"wp-caption-text\"><strong><span style=\"color: #ff0000;\">En\u00a0la barca con nuestro grupo\u00a0hacia\u00a0la Isla Martillo. Tierra del Fuego\u00a0<\/span><\/strong><\/p><\/div>\n<div id=\"attachment_2215\" style=\"width: 557px\" class=\"wp-caption aligncenter\"><img loading=\"lazy\" decoding=\"async\" aria-describedby=\"caption-attachment-2215\" class=\"size-large wp-image-2215\" src=\"http:\/\/travelandreams.net\/wp-content\/uploads\/2013\/10\/img_4210.jpg?w=547\" alt=\"Biologues treballant al Museu Acatushun de la Estancia Haberton.Tierra del Fuego \/ Biologists working in Acatushun Museum in Estancia Haberton.Tierra del Fuego\" width=\"547\" height=\"410\" \/><p id=\"caption-attachment-2215\" class=\"wp-caption-text\"><strong><span style=\"color: #ff0000;\">Tres biologas trabajando en el Museo\u00a0Acatushun de la Estancia Haberton.Tierra del Fuego<\/span><\/strong><\/p><\/div>\n<div id=\"attachment_2214\" style=\"width: 557px\" class=\"wp-caption aligncenter\"><img loading=\"lazy\" decoding=\"async\" aria-describedby=\"caption-attachment-2214\" class=\"size-large wp-image-2214\" src=\"http:\/\/travelandreams.net\/wp-content\/uploads\/2013\/10\/img_4177.jpg?w=547\" alt=\"N\u00faria amb una parella de brasilers a la Estancia Haberton. Tierra del Fuego \/ N\u00faria with a brasilian couple in Estancia Haberton. Tierra del Fuego\" width=\"547\" height=\"477\" \/><p id=\"caption-attachment-2214\" class=\"wp-caption-text\"><strong><span style=\"color: #ff0000;\">N\u00faria con\u00a0una pareja\u00a0de brasile\u00f1os en\u00a0la Estancia Haberton. Tierra del Fuego\u00a0<\/span><\/strong><\/p><\/div>\n<div id=\"attachment_2212\" style=\"width: 557px\" class=\"wp-caption aligncenter\"><img loading=\"lazy\" decoding=\"async\" aria-describedby=\"caption-attachment-2212\" class=\"size-large wp-image-2212\" src=\"http:\/\/travelandreams.net\/wp-content\/uploads\/2013\/10\/img_4103.jpg?w=547\" alt=\"A punt per fer kayak al Lago Roca. Tierra del Fuego \/ Ready for kayaking in Lago Roca. Tierra del Fuego\" width=\"547\" height=\"489\" \/><p id=\"caption-attachment-2212\" class=\"wp-caption-text\"><strong><span style=\"color: #ff0000;\">A punto de hacer kayak con unos amigos ingleses en el\u00a0Lago Roca. Tierra del Fuego\u00a0<\/span><\/strong><\/p><\/div>\n<div id=\"attachment_2210\" style=\"width: 557px\" class=\"wp-caption aligncenter\"><img loading=\"lazy\" decoding=\"async\" aria-describedby=\"caption-attachment-2210\" class=\"size-large wp-image-2210\" src=\"http:\/\/travelandreams.net\/wp-content\/uploads\/2013\/10\/img_4086.jpg?w=547\" alt=\"Dinant ene l refugi del Lago Roca. Tierra del Fuego \/ Eating in the Lago Roca shelter. Tierra del Fuego\" width=\"547\" height=\"352\" \/><p id=\"caption-attachment-2210\" class=\"wp-caption-text\"><strong><span style=\"color: #ff0000;\">Catalanes, italianos, ingleses y\u00a0brasile\u00f1os comiendo\u00a0en el refugio del Lago Roca. Tierra del Fuego\u00a0<\/span><\/strong><\/p><\/div>\n<div id=\"attachment_2209\" style=\"width: 557px\" class=\"wp-caption aligncenter\"><img loading=\"lazy\" decoding=\"async\" aria-describedby=\"caption-attachment-2209\" class=\"size-large wp-image-2209\" src=\"http:\/\/travelandreams.net\/wp-content\/uploads\/2013\/10\/img_4057.jpg?w=547\" alt=\"El nostre guia Augusto a l'excursi\u00f3 al Parc Nacional Tierra del Fuego \/ Our guide Augusto in the trip to Tierra del Fuego National Park\" width=\"547\" height=\"729\" \/><p id=\"caption-attachment-2209\" class=\"wp-caption-text\"><strong><span style=\"color: #ff0000;\">Nuestro\u00a0guia Augusto en la excursi\u00f3n en el\u00a0Parque Nacional Tierra del Fuego\u00a0<\/span><\/strong><\/p><\/div>\n<div id=\"attachment_2213\" style=\"width: 557px\" class=\"wp-caption aligncenter\"><img loading=\"lazy\" decoding=\"async\" aria-describedby=\"caption-attachment-2213\" class=\"size-large wp-image-2213\" src=\"http:\/\/travelandreams.net\/wp-content\/uploads\/2013\/10\/img_4108.jpg?w=547\" alt=\"Kayak al Lago Roca. Tierra del Fuego \/ Kayaking in Lago Roca. Tierra del Fuego\" width=\"547\" height=\"410\" \/><p id=\"caption-attachment-2213\" class=\"wp-caption-text\"><span style=\"color: #ff0000;\">Kayak en el\u00a0Lago Roca. Tierra del Fuego\u00a0<\/span><\/p><\/div>\n<div id=\"attachment_2217\" style=\"width: 557px\" class=\"wp-caption aligncenter\"><img loading=\"lazy\" decoding=\"async\" aria-describedby=\"caption-attachment-2217\" class=\"size-large wp-image-2217\" src=\"http:\/\/travelandreams.net\/wp-content\/uploads\/2013\/10\/img_4308.jpg?w=547\" alt=\"Dinant en el refugi de la Isla Gable. Tierra del Fuego \/ Eating in the Isla Gable shelter. Tierra del Fuego\" width=\"547\" height=\"410\" \/><p id=\"caption-attachment-2217\" class=\"wp-caption-text\"><strong><span style=\"color: #ff0000;\">Comiendo\u00a0en el refugio de la Isla Gable. Tierra del Fuego\u00a0<\/span><\/strong><\/p><\/div>\n<div id=\"attachment_2208\" style=\"width: 557px\" class=\"wp-caption aligncenter\"><img loading=\"lazy\" decoding=\"async\" aria-describedby=\"caption-attachment-2208\" class=\"size-large wp-image-2208\" src=\"http:\/\/travelandreams.net\/wp-content\/uploads\/2013\/10\/img_3777.jpg?w=547\" alt=\"Luis era el nostre guia al Balcon del Calafate \/ Luis was our guide in Balcon del Calafate\" width=\"547\" height=\"816\" \/><p id=\"caption-attachment-2208\" class=\"wp-caption-text\"><strong><span style=\"color: #ff0000;\">Luis fue nuestro\u00a0guia en el\u00a0Balcon del Calafate\u00a0<\/span><\/strong><\/p><\/div>\n<div id=\"attachment_2207\" style=\"width: 557px\" class=\"wp-caption aligncenter\"><img loading=\"lazy\" decoding=\"async\" aria-describedby=\"caption-attachment-2207\" class=\"size-large wp-image-2207\" src=\"http:\/\/travelandreams.net\/wp-content\/uploads\/2013\/10\/img_3775.jpg?w=547\" alt=\"Prenent un cafe al Balcon del Calafate. Patagonia \/ Having a cup of coffee in Balcon del Calafate. Patagonia\" width=\"547\" height=\"532\" \/><p id=\"caption-attachment-2207\" class=\"wp-caption-text\"><strong><span style=\"color: #ff0000;\">Tomando\u00a0un cafe en el\u00a0Balcon del Calafate. Patagonia\u00a0<\/span><\/strong><\/p><\/div>\n<div id=\"attachment_2204\" style=\"width: 557px\" class=\"wp-caption aligncenter\"><img loading=\"lazy\" decoding=\"async\" aria-describedby=\"caption-attachment-2204\" class=\"size-large wp-image-2204\" src=\"http:\/\/travelandreams.net\/wp-content\/uploads\/2013\/10\/img_3623.jpg?w=547\" alt=\"Amb en Paco Clos i en Joan Rodriguez al Pirineu \/ With Paco Clos and Joan Rodriguez in the Pyrenees\" width=\"547\" height=\"410\" \/><p id=\"caption-attachment-2204\" class=\"wp-caption-text\"><strong><span style=\"color: #ff0000;\">Con\u00a0Paco Clos y\u00a0Joan Rodriguez buscando setas en el Pirineo Catalan\u00a0<\/span><\/strong><\/p><\/div>\n<div id=\"attachment_2203\" style=\"width: 557px\" class=\"wp-caption aligncenter\"><img loading=\"lazy\" decoding=\"async\" aria-describedby=\"caption-attachment-2203\" class=\"size-large wp-image-2203\" src=\"http:\/\/travelandreams.net\/wp-content\/uploads\/2013\/10\/img_3538.jpg?w=547\" alt=\"Felipe era un dels guies a  en el parc nacional Torres  del Paine \/ Felipe was one of the guides in Torres del Paine National Park\" width=\"547\" height=\"852\" \/><p id=\"caption-attachment-2203\" class=\"wp-caption-text\"><strong><span style=\"color: #ff0000;\">Felipe fue uno de losguias en el Parque Nacional Torres del Paine. Chile<\/span><\/strong><\/p><\/div>\n<div id=\"attachment_2201\" style=\"width: 557px\" class=\"wp-caption aligncenter\"><img loading=\"lazy\" decoding=\"async\" aria-describedby=\"caption-attachment-2201\" class=\"size-large wp-image-2201\" src=\"http:\/\/travelandreams.net\/wp-content\/uploads\/2013\/10\/img_3412.jpg?w=547\" alt=\"El conductor de la lanxa al fiord Ultima Esperanza. Xile \/ Boat driver in Ultima Esperanza fjord. Chile\" width=\"547\" height=\"529\" \/><p id=\"caption-attachment-2201\" class=\"wp-caption-text\"><strong><span style=\"color: #ff0000;\">El conductor de la lancha en el\u00a0fiordo Ultima Esperanza.\u00a0Chile<\/span><\/strong><\/p><\/div>\n<div id=\"attachment_2175\" style=\"width: 557px\" class=\"wp-caption aligncenter\"><img loading=\"lazy\" decoding=\"async\" aria-describedby=\"caption-attachment-2175\" class=\"size-large wp-image-2175\" src=\"http:\/\/travelandreams.net\/wp-content\/uploads\/2013\/10\/dscn2606.jpg?w=547\" alt=\"Amb l'alcalde d'Upper Canada Village \/ With the  major of Upper Canada Village\" width=\"547\" height=\"374\" \/><p id=\"caption-attachment-2175\" class=\"wp-caption-text\"><strong><span style=\"color: #ff0000;\">Con el\u00a0alcalde de Upper Canada Village en Ontario<\/span><\/strong><\/p><\/div>\n<div id=\"attachment_2176\" style=\"width: 557px\" class=\"wp-caption aligncenter\"><img loading=\"lazy\" decoding=\"async\" aria-describedby=\"caption-attachment-2176\" class=\"size-large wp-image-2176\" src=\"http:\/\/travelandreams.net\/wp-content\/uploads\/2013\/10\/dscn4006.jpg?w=547\" alt=\"N\u00faria amb l'Alejandro el nostre guia particular a Cataratas de Iguaz\u00fa \/ N\u00faria with Alejandro our personal guide in Cataratas de Iguaz\u00fa\" width=\"547\" height=\"729\" \/><p id=\"caption-attachment-2176\" class=\"wp-caption-text\"><strong><span style=\"color: #ff0000;\">N\u00faria con\u00a0Alejandro nuestro\u00a0guia particular en\u00a0Cataratas de Iguaz\u00fa\u00a0<\/span><\/strong><\/p><\/div>\n<div id=\"attachment_2180\" style=\"width: 557px\" class=\"wp-caption aligncenter\"><img loading=\"lazy\" decoding=\"async\" aria-describedby=\"caption-attachment-2180\" class=\"size-large wp-image-2180\" src=\"http:\/\/travelandreams.net\/wp-content\/uploads\/2013\/10\/dscn4424.jpg?w=547\" alt=\"Lli\u00e7ons de Geologia al Perito Moreno. Argentina \/ Lessons of geology in Perito Moreno Glacier. argentina\" width=\"547\" height=\"519\" \/><p id=\"caption-attachment-2180\" class=\"wp-caption-text\"><strong><span style=\"color: #ff0000;\">Lecciones\u00a0de Geologia en el\u00a0Perito Moreno. Argentina\u00a0<\/span><\/strong><\/p><\/div>\n<div id=\"attachment_2182\" style=\"width: 557px\" class=\"wp-caption aligncenter\"><img loading=\"lazy\" decoding=\"async\" aria-describedby=\"caption-attachment-2182\" class=\"size-large wp-image-2182\" src=\"http:\/\/travelandreams.net\/wp-content\/uploads\/2013\/10\/dscn5448.jpg?w=547\" alt=\"Buscant or a Murphys. Calif\u00f2rnia \/ Looking for gold in Murphys. California\" width=\"547\" height=\"410\" \/><p id=\"caption-attachment-2182\" class=\"wp-caption-text\"><strong><span style=\"color: #ff0000;\">Buscando\u00a0oro en \u00a0Murphys. Calif\u00f2rnia<\/span><\/strong><\/p><\/div>\n<div id=\"attachment_2185\" style=\"width: 557px\" class=\"wp-caption aligncenter\"><img loading=\"lazy\" decoding=\"async\" aria-describedby=\"caption-attachment-2185\" class=\"size-large wp-image-2185\" src=\"http:\/\/travelandreams.net\/wp-content\/uploads\/2013\/10\/dscn6800.jpg?w=547\" alt=\"El grup dels \" width=\"547\" height=\"410\" \/><p id=\"caption-attachment-2185\" class=\"wp-caption-text\"><strong><span style=\"color: #ff0000;\">El grupo de los \u00abhabibis\u00bb en Egipto<\/span><\/strong><\/p><\/div>\n<div id=\"attachment_2197\" style=\"width: 557px\" class=\"wp-caption aligncenter\"><img loading=\"lazy\" decoding=\"async\" aria-describedby=\"caption-attachment-2197\" class=\"size-large wp-image-2197\" src=\"http:\/\/travelandreams.net\/wp-content\/uploads\/2013\/10\/dscn8555.jpg?w=547\" alt=\"Amb dos amics turcs a Istanbul \/ With two turquish friends in Istambul\" width=\"547\" height=\"749\" \/><p id=\"caption-attachment-2197\" class=\"wp-caption-text\"><strong><span style=\"color: #ff0000;\">Con\u00a0dos amigos\u00a0turcos en Istanbul\u00a0<\/span><\/strong><\/p><\/div>\n<div id=\"attachment_2200\" style=\"width: 557px\" class=\"wp-caption aligncenter\"><img loading=\"lazy\" decoding=\"async\" aria-describedby=\"caption-attachment-2200\" class=\"size-large wp-image-2200\" src=\"http:\/\/travelandreams.net\/wp-content\/uploads\/2013\/10\/img_3280.jpg?w=547\" alt=\"l'Agustin demanant unes monedes a El Chalten. Argentina \/ Agustin asking for some coins in El Chalten. Argentina\" width=\"547\" height=\"1021\" \/><p id=\"caption-attachment-2200\" class=\"wp-caption-text\"><strong><span style=\"color: #ff0000;\">Agustin pidiendome unas\u00a0monedas en El Chalten. Argentina\u00a0<\/span><\/strong><\/p><\/div>\n<div id=\"attachment_2199\" style=\"width: 557px\" class=\"wp-caption aligncenter\"><img loading=\"lazy\" decoding=\"async\" aria-describedby=\"caption-attachment-2199\" class=\"size-large wp-image-2199\" src=\"http:\/\/travelandreams.net\/wp-content\/uploads\/2013\/10\/img_2930.jpg?w=547\" alt=\"Compartint un got de whisky al damunt del Perito Moreno \/ Sharing a sip of whisky over Perito  Moreno\" width=\"547\" height=\"526\" \/><p id=\"caption-attachment-2199\" class=\"wp-caption-text\"><strong><span style=\"color: #ff0000;\">Compartiendo\u00a0un vaso de whisky con hielo milenario sobre el Perito Moreno\u00a0<\/span><\/strong><\/p><\/div>\n<div id=\"attachment_2198\" style=\"width: 557px\" class=\"wp-caption aligncenter\"><img loading=\"lazy\" decoding=\"async\" aria-describedby=\"caption-attachment-2198\" class=\"size-large wp-image-2198\" src=\"http:\/\/travelandreams.net\/wp-content\/uploads\/2013\/10\/img_2658.jpg?w=547\" alt=\"N\u00faria amb l'Alejandro i una nova amiga de Texas a Catartas de Iguazu \/ N\u00faria with Alejandro and a new friend from Texas in Cataratas de Iguazu\" width=\"547\" height=\"474\" \/><p id=\"caption-attachment-2198\" class=\"wp-caption-text\"><strong><span style=\"color: #ff0000;\">N\u00faria con\u00a0Alejandro y una nueva\u00a0amiga de Texas en\u00a0Catartas de Iguazu\u00a0<\/span><\/strong><\/p><\/div>\n<div id=\"attachment_2194\" style=\"width: 557px\" class=\"wp-caption aligncenter\"><img loading=\"lazy\" decoding=\"async\" aria-describedby=\"caption-attachment-2194\" class=\"size-large wp-image-2194\" src=\"http:\/\/travelandreams.net\/wp-content\/uploads\/2013\/10\/dscn7096.jpg?w=547\" alt=\"Amb el nostre guia egipci \/ With our egyptian guide\" width=\"547\" height=\"410\" \/><p id=\"caption-attachment-2194\" class=\"wp-caption-text\"><strong><span style=\"color: #ff0000;\">Con nuestro guia egipcio Mohammed<\/span><\/strong><\/p><\/div>\n<div id=\"attachment_2190\" style=\"width: 557px\" class=\"wp-caption aligncenter\"><img loading=\"lazy\" decoding=\"async\" aria-describedby=\"caption-attachment-2190\" class=\"size-large wp-image-2190\" src=\"http:\/\/travelandreams.net\/wp-content\/uploads\/2013\/10\/dscn6886.jpg?w=547\" alt=\"Amb dues amigues basques navegant pel Nil \/ With two basc friends sailing on the Nile river\" width=\"547\" height=\"319\" \/><p id=\"caption-attachment-2190\" class=\"wp-caption-text\"><strong><span style=\"color: #ff0000;\">Con dos\u00a0amigas vascas\u00a0navegando por el\u00a0Nilo\u00a0<\/span><\/strong><\/p><\/div>\n<div id=\"attachment_2192\" style=\"width: 557px\" class=\"wp-caption aligncenter\"><img loading=\"lazy\" decoding=\"async\" aria-describedby=\"caption-attachment-2192\" class=\"size-large wp-image-2192\" src=\"http:\/\/travelandreams.net\/wp-content\/uploads\/2013\/10\/dscn6931.jpg?w=547\" alt=\"N\u00faria amb dues amigues basques en el Nil \/ N\u00faria with two basc friends in the Nile river\" width=\"547\" height=\"438\" \/><p id=\"caption-attachment-2192\" class=\"wp-caption-text\"><strong><span style=\"color: #ff0000;\">N\u00faria con dos\u00a0amigas\u00a0vascas\u00a0en el Nilo<\/span><\/strong><\/p><\/div>\n<div id=\"attachment_2195\" style=\"width: 557px\" class=\"wp-caption aligncenter\"><img loading=\"lazy\" decoding=\"async\" aria-describedby=\"caption-attachment-2195\" class=\"size-large wp-image-2195\" src=\"http:\/\/travelandreams.net\/wp-content\/uploads\/2013\/10\/dscn8397.jpg?w=547\" alt=\"Compartint taula amb uns argentins a Istanbul \/ Sharing the table with an argentinian  couple\" width=\"547\" height=\"282\" \/><p id=\"caption-attachment-2195\" class=\"wp-caption-text\"><strong><span style=\"color: #ff0000;\">Compartiendo mesa con unos argentinos en\u00a0Istanbul\u00a0<\/span><\/strong><\/p><\/div>\n<p><div id=\"attachment_2186\" style=\"width: 557px\" class=\"wp-caption aligncenter\"><img loading=\"lazy\" decoding=\"async\" aria-describedby=\"caption-attachment-2186\" class=\"size-large wp-image-2186\" src=\"http:\/\/travelandreams.net\/wp-content\/uploads\/2013\/10\/dscn6808.jpg?w=547\" alt=\"Amb el cambrer en el creuer pel Nil \/ With the waiter in the Nile cruise\" width=\"547\" height=\"729\" \/><p id=\"caption-attachment-2186\" class=\"wp-caption-text\"><strong><span style=\"color: #ff0000;\">Con nuestro camarero en el cruzero por el Nilo\u00a0<\/span><\/strong><\/p><\/div><\/p>","protected":false},"excerpt":{"rendered":"<p>Andreu R\u00f3denas En mis viajes las personas tambi\u00e9n son importantes y por eso quiero dejar testimonio de todas aquellas que he conocido, hay con los que tan s\u00f3lo ha sido una fotograf\u00eda, pero otros\u00a0ser\u00e1n amigos para siempre y con los que, gracias a las redes sociales [&hellip;]<\/p>\n","protected":false},"author":4,"featured_media":3753,"comment_status":"open","ping_status":"open","sticky":false,"template":"","format":"standard","meta":{"footnotes":""},"categories":[9,26,34],"tags":[122,123,124,125,126,102],"class_list":["post-2163","post","type-post","status-publish","format-standard","has-post-thumbnail","hentry","category-articulos","category-diversos","category-fotografia-2","tag-amics","tag-andreu","tag-guies","tag-nuria","tag-persones","tag-viatges-2"],"_links":{"self":[{"href":"https:\/\/travelandreams.net\/es\/wp-json\/wp\/v2\/posts\/2163","targetHints":{"allow":["GET"]}}],"collection":[{"href":"https:\/\/travelandreams.net\/es\/wp-json\/wp\/v2\/posts"}],"about":[{"href":"https:\/\/travelandreams.net\/es\/wp-json\/wp\/v2\/types\/post"}],"author":[{"embeddable":true,"href":"https:\/\/travelandreams.net\/es\/wp-json\/wp\/v2\/users\/4"}],"replies":[{"embeddable":true,"href":"https:\/\/travelandreams.net\/es\/wp-json\/wp\/v2\/comments?post=2163"}],"version-history":[{"count":9,"href":"https:\/\/travelandreams.net\/es\/wp-json\/wp\/v2\/posts\/2163\/revisions"}],"predecessor-version":[{"id":4695,"href":"https:\/\/travelandreams.net\/es\/wp-json\/wp\/v2\/posts\/2163\/revisions\/4695"}],"wp:featuredmedia":[{"embeddable":true,"href":"https:\/\/travelandreams.net\/es\/wp-json\/wp\/v2\/media\/3753"}],"wp:attachment":[{"href":"https:\/\/travelandreams.net\/es\/wp-json\/wp\/v2\/media?parent=2163"}],"wp:term":[{"taxonomy":"category","embeddable":true,"href":"https:\/\/travelandreams.net\/es\/wp-json\/wp\/v2\/categories?post=2163"},{"taxonomy":"post_tag","embeddable":true,"href":"https:\/\/travelandreams.net\/es\/wp-json\/wp\/v2\/tags?post=2163"}],"curies":[{"name":"wp","href":"https:\/\/api.w.org\/{rel}","templated":true}]}}