{"id":4364,"date":"2015-04-20T21:20:10","date_gmt":"2015-04-20T21:20:10","guid":{"rendered":"http:\/\/travelandreams.net\/?p=4364"},"modified":"2015-06-18T22:26:56","modified_gmt":"2015-06-18T22:26:56","slug":"praga","status":"publish","type":"post","link":"https:\/\/travelandreams.net\/en\/praga\/","title":{"rendered":"PRAGUE"},"content":{"rendered":"<p><img loading=\"lazy\" decoding=\"async\" class=\"size-large wp-image-1043\" src=\"https:\/\/andreurodenas.files.wordpress.com\/2013\/05\/dscn0178.jpg?w=547&amp;h=410\" alt=\"DSCN0178\" width=\"547\" height=\"410\" \/><\/p>\n<p style=\"text-align: justify;\">We visited Prague in the winter of 2009 traveled to four days. A cheap flight out of high season a four-star hotel very well suited to the famous city avenue Wenceslas and eager to walk and learn history. Prague is a city for enjoying\u00a0every corner.<\/p>\n<p><img loading=\"lazy\" decoding=\"async\" class=\"size-large wp-image-1123\" src=\"https:\/\/andreurodenas.files.wordpress.com\/2013\/05\/dscn0145.jpg?w=547&amp;h=410\" alt=\"Avinguda Wenceslas\" width=\"547\" height=\"410\" \/><\/p>\n<p style=\"text-align: justify;\">Prague in February may not seem to be the best destination to spend four or five days, the cold is assured. When we arrived the weather was really cold but not freezing, because the temperatures were between 0 and -4\u00baC and we did not snow until the last day.<\/p>\n<p><img loading=\"lazy\" decoding=\"async\" class=\"size-large wp-image-1124\" src=\"https:\/\/andreurodenas.files.wordpress.com\/2013\/05\/dscn0396.jpg?w=547&amp;h=410\" alt=\"Museu Nacional de Praga a l'avinguda Wenceslas\" width=\"547\" height=\"410\" \/><\/p>\n<p><img loading=\"lazy\" decoding=\"async\" class=\"size-large wp-image-1023\" src=\"https:\/\/andreurodenas.files.wordpress.com\/2013\/04\/dscn0182.jpg?w=547&amp;h=410\" alt=\"Riu Moldova amb el Castell de Praga al fons\" width=\"547\" height=\"410\" \/><\/p>\n<p style=\"text-align: justify;\">The taxi driver that we hired from Barcelona already was waiting for us at the airport and as we leave the terminal we start talking (in English), five minutes later we already had updated of\u00a0the city and weather. The weather\u00a0is a good way\u00a0to begin a conversation between strangers around the world.<\/p>\n<p><img loading=\"lazy\" decoding=\"async\" class=\"size-large wp-image-1125\" src=\"https:\/\/andreurodenas.files.wordpress.com\/2013\/05\/dscn0338.jpg?w=547&amp;h=410\" alt=\"Tranvia a prop de la pla\u00e7a de la Rep\u00fablica\" width=\"547\" height=\"410\" \/><\/p>\n<p><img loading=\"lazy\" decoding=\"async\" class=\"aligncenter wp-image-1126 size-large\" src=\"https:\/\/andreurodenas.files.wordpress.com\/2013\/05\/dscn0168.jpg?w=547&amp;h=410\" alt=\"DSCN0168\" width=\"547\" height=\"410\" \/><\/p>\n<p style=\"text-align: justify;\">El primer que s\u2019ha de fer en arribar a la ciutat es familiaritzar-te el m\u00e9s aviat possible amb la nomenclatura dels carrers, barris, places, etc. i si a m\u00e9s pot saber alguna paraula b\u00e0sica en el idioma oficial molt millor. Per comen\u00e7ar a caminar cal haver establert una ruta pr\u00e8via i aix\u00ed aconseguir que aquesta tingui un ordre l\u00f2gic, haver llegit previament una guia o alguna revista especialitzada tipus Altair sempre ajudar\u00e0 molt. Aix\u00ed que un cop ens v\u00e0rem registrar a l\u2019hotel que estava situat a l\u2019avinguda de Wenceslao (molt c\u00e8ntric) i a prop del Museu Nacional v\u00e0rem decidir comen\u00e7ar a caminar.<\/p>\n<p><img loading=\"lazy\" decoding=\"async\" class=\"aligncenter wp-image-1133 size-large\" src=\"https:\/\/andreurodenas.files.wordpress.com\/2013\/05\/dscn0167.jpg?w=547&amp;h=729\" alt=\"DSCN0167\" width=\"547\" height=\"729\" \/><\/p>\n<p style=\"text-align: justify;\">Praga es una ciutat per fer-la caminant i amb calma, te la mida esencial per no acabar baldat a base de fer quil\u00f2metres, el transport p\u00fablic no es necessari a menys que hi estigueu un parell de dies curts. En extensi\u00f3 no es pas una ciutat\u00a0 petita per\u00f2 l\u2019atenci\u00f3 del viatger es centra en la part central on hi ha tots els punts d\u2019inter\u00e9s. Els llocs indispensables de con\u00e8ixer i visitar no estan molt dispersos i es reparteixen entre la part vella de la ciutat (Old Town), la part nova (New Town), el barri jueu (Josefov) i el barri de Mala Strana (on hi ha el castell de Praga).<\/p>\n<p><img loading=\"lazy\" decoding=\"async\" class=\"size-large wp-image-1172\" src=\"https:\/\/andreurodenas.files.wordpress.com\/2013\/05\/dscn0336.jpg?w=547&amp;h=410\" alt=\"Pla\u00e7a de la Rep\u00fablica\" width=\"547\" height=\"410\" \/><\/p>\n<p style=\"text-align: justify;\">La part vella de la ciutat \u00e9s la m\u00e9s visitada i acostuma a ser on m\u00e9s turistes hi trobarem doncs hi ha el fam\u00f3s rellotge astron\u00f2mic, l\u2019ajuntament vell, i tots els carrerons plens de botigues de souvenirs, pubs i restaurants que et porten fins el pont de Carles IV.<\/p>\n<p><img loading=\"lazy\" decoding=\"async\" class=\"size-medium wp-image-1151 \" src=\"https:\/\/andreurodenas.files.wordpress.com\/2013\/05\/dscn0229.jpg?w=300&amp;h=225\" alt=\"Mala Strana i el castell de Praga des de la bora del riu\" width=\"300\" height=\"225\" \/><\/p>\n<p style=\"text-align: justify;\">La part nova (on teniem l\u2019hotel) es la part moderna de la ciutat, hi trobarem les grans boutiques, les grans cadenes de menjar r\u00e0pid, discoteques, restaurants de cuina occidental i com a edificis m\u00e9s singulars hi ha el nou Ajuntament, el Museu Nacional i un edifici molt singular anomenat l\u2019edifici dan\u00e7ant degut a la seva estructura curva des de la base.<\/p>\n<p><img loading=\"lazy\" decoding=\"async\" class=\"size-large wp-image-1186\" src=\"https:\/\/andreurodenas.files.wordpress.com\/2013\/05\/dscn0376.jpg?w=547&amp;h=410\" alt=\"Edifici dan\u00e7ant \" width=\"547\" height=\"410\" \/><\/p>\n<p style=\"text-align: justify;\">L\u2019atracci\u00f3 tur\u00edstica m\u00e9s destacada es el pont de Carles IV que un cop creuat (deu tenir uns 500 metres) et deixa a l\u2019entrada del barri de Mala Strana on dalt de tot hi ha el castell de Praga amb la catedral de St. Vitus, tambe en aquest barri hi ha l\u2019esglesia de Sant Nicolau (la m\u00e9s gran de les tres que hi ha a la ciutat dedicada a aquest sant), dins del castell tamb\u00e9 com a atractiu tur\u00edstic hi ha el carrer\u00f3 daurat.<\/p>\n<p><img loading=\"lazy\" decoding=\"async\" class=\"size-large wp-image-1188\" src=\"https:\/\/andreurodenas.files.wordpress.com\/2013\/05\/dscn02291.jpg?w=547&amp;h=410\" alt=\"El pont de Carles IV\" width=\"547\" height=\"410\" \/><\/p>\n<p><img loading=\"lazy\" decoding=\"async\" class=\"size-large wp-image-1159\" src=\"https:\/\/andreurodenas.files.wordpress.com\/2013\/05\/dscn0266.jpg?w=547&amp;h=410\" alt=\"Carrer\u00f3 Daurat\" width=\"547\" height=\"410\" \/><\/p>\n<p style=\"text-align: justify;\">A banda dels aspectes hist\u00f2rics, culturals i arquitect\u00f2nics Praga \u00e9s una ciutat amb molta vitalitat i bon ambient tan de dia com de nit. No pots tornar de Praga sense haver vist un espectacle de titelles, de teatre \u201cnegre\u201d, o sense haver assistit a un concert de m\u00fasica cl\u00e0ssica, una \u00f2pera o haver degustat una bona cervesa en un dels antics pubs de la ciutat vella i d\u2019haver menjat un bon \u201cgulash\u201d.<\/p>\n<p><img loading=\"lazy\" decoding=\"async\" class=\"size-large wp-image-1139\" src=\"https:\/\/andreurodenas.files.wordpress.com\/2013\/05\/dscn0184.jpg?w=547&amp;h=410\" alt=\"Museu Jueu. Josefov\" width=\"547\" height=\"410\" \/><\/p>\n<p style=\"text-align: center;\"><strong>Museu Jueu. Josefov<\/strong><\/p>\n<p style=\"text-align: justify;\">La meva recomenaci\u00f3 per visitar Praga seria fer-ho en 4 dies sensers de manera que el primer dia serviria per familiaritzar-se amb la ciutat, pendre-li el pols, tot passejant per la part vella al mat\u00ed on podreu veure com marca les hores el vell rellotge astron\u00f2mic, veure el castell des del pont de Carles IV i fer un passeig a la bora del riu. Despr\u00e9s de gaudir d\u2019un bon dinar, a la tarde, podrieu triar quin espectacle voldreu veure a la vesprada (abans o despr\u00e9s de sopar), que jo per al primer dia us en recomenaria un de petit format com ara un quartet de corda en alguna de les esglesies o en el mateix Museu Nacional (trobareu informaci\u00f3 arreu). Si feu el sopar despr\u00e9s del concert us recomanaria que entressiu en un dels pubs de la zona baixa de Mala Strana i de pas creuar el pont de nit que te unes vistes imperdibles.<\/p>\n<p><img loading=\"lazy\" decoding=\"async\" class=\"size-large wp-image-1167\" src=\"https:\/\/andreurodenas.files.wordpress.com\/2013\/05\/dscn0321.jpg?w=547&amp;h=410\" alt=\"El pont de Carles IV des de Mala Strana\" width=\"547\" height=\"410\" \/><\/p>\n<p style=\"text-align: justify;\">L\u2019endem\u00e0 el podrieu dedicar a con\u00e8ixer la hist\u00f2ria medieval de la ciutat i del guetto jueu (ara anomenat barri jueu \u201cJOSEFOV\u201d). La hist\u00f2ria dels jueus queda ben palesa fent un llarg i detallat recorregut, que pels m\u00e9s autodidactes es pot fer amb un sistema d\u2019audioguies que et van posant al corrent de tots els principals indrets que s\u2019aniran visitant. Visitareu el cementiri jueu, la sinagoga antiga-nova, el museu jueu, \u00a0\u2026.Despr\u00e9s d\u2019un bon dinar per la zona de la pla\u00e7a de la Rep\u00fablica (Republiky Namesti) podeu passejar pels seus carrerons i entrar a visitar l\u2019esglesia barroca dedicada a Sant Nicol\u00e0s (una de les tres que hi ha a la ciutat dedicada a aquest sant), tamb\u00e9 podeu pujar a la Torre de la P\u00f2lvora que te unes vistes molt bones de la ciutat.<\/p>\n<p style=\"text-align: justify;\"><img loading=\"lazy\" decoding=\"async\" class=\"size-large wp-image-1174 alignleft\" src=\"https:\/\/andreurodenas.files.wordpress.com\/2013\/05\/dscn0347.jpg?w=547&amp;h=410\" alt=\"DSCN0347\" width=\"547\" height=\"410\" \/><\/p>\n<p><img loading=\"lazy\" decoding=\"async\" class=\"size-large wp-image-1132\" src=\"https:\/\/andreurodenas.files.wordpress.com\/2013\/05\/dscn0163.jpg?w=547&amp;h=410\" alt=\"Rellotge Astron\u00f2mic\" width=\"547\" height=\"410\" \/><\/p>\n<div id=\"attachment_1170\" style=\"width: 235px\" class=\"wp-caption aligncenter\"><img loading=\"lazy\" decoding=\"async\" aria-describedby=\"caption-attachment-1170\" class=\"wp-image-1170 size-medium\" src=\"https:\/\/andreurodenas.files.wordpress.com\/2013\/05\/dscn0332.jpg?w=225&amp;h=300\" alt=\"DSCN0332\" width=\"225\" height=\"300\" \/><p id=\"caption-attachment-1170\" class=\"wp-caption-text\"><strong>Torre de la p\u00f3lvora<\/strong><\/p><\/div>\n<p><img loading=\"lazy\" decoding=\"async\" class=\"aligncenter size-large wp-image-1130\" src=\"https:\/\/andreurodenas.files.wordpress.com\/2013\/05\/dscn0161.jpg?w=547&amp;h=729\" alt=\"DSCN0161\" width=\"547\" height=\"729\" \/><\/p>\n<p><img loading=\"lazy\" decoding=\"async\" class=\"size-large wp-image-1171\" src=\"https:\/\/andreurodenas.files.wordpress.com\/2013\/05\/dscn0334.jpg?w=547&amp;h=410\" alt=\"Caf\u00e9 de l'opera i Torre de la P\u00f2lvora a prop de la pla\u00e7a de la Rep\u00fablica\" width=\"547\" height=\"410\" \/><\/p>\n<p style=\"text-align: justify;\">Se suposa que durant els gaireb\u00e8 dos dies d\u2019estada\u00a0 a la ciutat ja haureu pogut triar alguna de les obres o concerts que es fan al Teatre Nacional (us heu de fer amb la programaci\u00f3 nom\u00e9s arribar i aix\u00ed poder decidir amb temps i anar a comprar les entrades) o al Rudolfinum on toca l\u2019orquestra filarm\u00f2nica de Praga. El Teatre Nacional i el Rudolfinum est\u00e0n for\u00e7a a prop del pont de Carles IV per tant podreu aprofitar per veure\u2019l de nit ja sigui abans o despr\u00e9s de l\u2019espectacle (dan\u00e7a, opera, m\u00fascia cl\u00e0ssica, \u2026), doncs de nit te una m\u00e0gia especial amb les il\u00b7luminacions i els reflexes en el riu. En funci\u00f3 de l\u2019horari escollit podreu sopar, abans o despr\u00e9s, en qualsevol dels molts petits restaurants o pubs de la ciutat vella, alguns d\u2019ells amb un encant molt especial que us evocar\u00e0n ambients d\u2019\u00e8poques de gl\u00f2ria de la ciutat en els segles divuit o dinou.<\/p>\n<p><img loading=\"lazy\" decoding=\"async\" class=\"size-large wp-image-1157\" src=\"https:\/\/andreurodenas.files.wordpress.com\/2013\/05\/dscn0262.jpg?w=547&amp;h=729\" alt=\"DSCN0262\" width=\"547\" height=\"729\" \/><\/p>\n<p><img loading=\"lazy\" decoding=\"async\" class=\"size-large wp-image-1158\" src=\"https:\/\/andreurodenas.files.wordpress.com\/2013\/05\/dscn0263.jpg?w=547&amp;h=410\" alt=\"DSCN0263\" width=\"547\" height=\"410\" \/><\/p>\n<p style=\"text-align: justify;\">El tercer dia cal dedicar-lo integrament a l\u2019altra banda del riu Moldova. Cal creuar el pont de Carles IV per saborejar l\u2019ambient del barri de Mala Strana als peus del castell de Praga. Encara que el barri de Mala Strana no \u00e9s molt gran, els seus carrerons amb pujades i baixades i alguns de molt estrets, plens de petites botigues, pubs, restaurants amb terrasses, cal veure\u2019l a poc a poc i sobretot dedicar mig dia a la visita del castell amb la catedral de Sant Vitus, el carrer\u00f3 daurat en el que en una de les seves petites vivendes hi va viure durant un temps el mateix Kafka.<img loading=\"lazy\" decoding=\"async\" class=\"aligncenter size-large wp-image-1144\" src=\"https:\/\/andreurodenas.files.wordpress.com\/2013\/05\/dscn0203.jpg?w=547&amp;h=410\" alt=\"DSCN0203\" width=\"547\" height=\"410\" \/><\/p>\n<p><img loading=\"lazy\" decoding=\"async\" class=\"size-large wp-image-1138\" src=\"https:\/\/andreurodenas.files.wordpress.com\/2013\/05\/dscn0183.jpg?w=547&amp;h=410\" alt=\"Riu Moldava\" width=\"547\" height=\"410\" \/><\/p>\n<p style=\"text-align: justify;\">Jo us recomanaria pujar directament al castell a primera hora per tal d\u2019estar m\u00e9s descansats, despr\u00e9s tot baixant fer la visita a la resta de Mala Strana i els jardins reials. A Mala strana igual que en la part vella de la ciutat hi\u00a0 ha ple de llocs per menjar, seure i descansar tot gaudint d\u2019una bona pinta de cervesa o un bon caf\u00e8. Despr\u00e9s de dinar una visita a l\u2019esgl\u00e8sia de Sant Nicol\u00e0s i tot seguit buscar un bon espectacle de titelles o del t\u00edpic teatre negre (molt recomanable), aquest \u00faltim es tracta d\u2019un espectacle molt visual, \u00a0ja que consisteix en dan\u00e7a i ball en un escenari a les fosques que amb llums refrect\u00e0ries sobre el vestuari dels actors ens mostren els seus moviments des d\u2019una perspectiva ben diferent a la que estem acostumats i omplen l\u2019escenari de formes increibles. Pels m\u00e9s rom\u00e0ntics o els que no els agradi caminar tant podeu fer un sopar dins d\u2019un dels baixells que naveguen pel riu Moldava.<\/p>\n<p><img loading=\"lazy\" decoding=\"async\" class=\"size-large wp-image-1146\" src=\"https:\/\/andreurodenas.files.wordpress.com\/2013\/05\/dscn0210.jpg?w=547&amp;h=410\" alt=\"Mala Strana\" width=\"547\" height=\"410\" \/><\/p>\n<p style=\"text-align: justify;\">Sempre cal guardar-se un dia per tot all\u00f2 que ens haguem deixat els dies anteriors o simplement per repetir all\u00f2 que m\u00e9s ens ha agradat i visualitzar-ho m\u00e9s pausadament, per fer les compres desitjades i continuar buscant racons m\u00e9s poc coneguts, o simplement gaudir de les vistes que podreu trobar en molts punts de la ciutat sobretot als voltants del riu.<\/p>\n<p><img loading=\"lazy\" decoding=\"async\" class=\"size-large wp-image-1150\" src=\"https:\/\/andreurodenas.files.wordpress.com\/2013\/05\/dscn0225.jpg?w=547&amp;h=410\" alt=\"Teatre Nacional de Praga\" width=\"547\" height=\"410\" \/><\/p>\n<p><img loading=\"lazy\" decoding=\"async\" class=\"aligncenter size-large wp-image-1148\" src=\"https:\/\/andreurodenas.files.wordpress.com\/2013\/05\/dscn0221.jpg?w=547&amp;h=410\" alt=\"DSCN0221\" width=\"547\" height=\"410\" \/><\/p>\n<p style=\"text-align: justify;\">Si heu sabut condensar-ho tot en tres dies i no esteu prou cansats sempre podreu contractar una de les excursions d\u2019un dia fora de la ciutat. N\u2019hi ha v\u00e0ries per escollir per\u00f2 algunes mereixen m\u00e9s cr\u00e8dit que d\u2019altres, com ara la ciutat de Cesky Krumlov (nomenada patrimoni mundial per la Unesco) amb 300 edificis hist\u00f2rics catalogats, o be anar a TEREZIN que fou un lloc on la Gestapo hi va posar un camp d\u2019internament, si us agradala hist\u00f2ria de la 2\u00aa Guerra Mundial \u00e9s un lloc on podreu sentir sensacions \u00faniques tot visitant el crematori, la morgue central i les exposicions sobre el patiment dels presoners durant aquella guerra.<\/p>\n<p><img loading=\"lazy\" decoding=\"async\" class=\"size-large wp-image-1136\" src=\"https:\/\/andreurodenas.files.wordpress.com\/2013\/05\/dscn0180.jpg?w=547&amp;h=410\" alt=\"Rudolfinum\" width=\"547\" height=\"410\" \/><\/p>\n<p><img loading=\"lazy\" decoding=\"async\" class=\"size-large wp-image-1135\" src=\"https:\/\/andreurodenas.files.wordpress.com\/2013\/05\/dscn0177.jpg?w=547&amp;h=729\" alt=\"Ajuntament Vell a la pla\u00e7a de la ciutat vella\" width=\"547\" height=\"729\" \/><\/p>\n<p><img loading=\"lazy\" decoding=\"async\" class=\"size-large wp-image-1163\" src=\"https:\/\/andreurodenas.files.wordpress.com\/2013\/05\/dscn0290.jpg?w=547&amp;h=410\" alt=\"Interior de l'esglesia de Sant Nicolau a Mala Strana\" width=\"547\" height=\"410\" \/><\/p>\n<p><img loading=\"lazy\" decoding=\"async\" class=\"size-large wp-image-1169\" src=\"https:\/\/andreurodenas.files.wordpress.com\/2013\/05\/dscn0325.jpg?w=547&amp;h=410\" alt=\"Castell il\u00b7luminat\" width=\"547\" height=\"410\" \/><\/p>\n<p><img loading=\"lazy\" decoding=\"async\" class=\"size-large wp-image-1189\" src=\"https:\/\/andreurodenas.files.wordpress.com\/2013\/05\/dscn02611.jpg?w=547&amp;h=410\" alt=\"Entrada principal de la catedral de San Vitus\" width=\"547\" height=\"410\" \/><\/p>","protected":false},"excerpt":{"rendered":"<p>We visited Prague in the winter of 2009 traveled to four days. A cheap flight out of high season a four-star hotel very well suited to the famous city avenue Wenceslas and eager to walk and learn history. Prague is a city for enjoying\u00a0every corner. Prague [&hellip;]<\/p>\n","protected":false},"author":4,"featured_media":4417,"comment_status":"closed","ping_status":"open","sticky":false,"template":"","format":"standard","meta":{"footnotes":""},"categories":[9,26,2,34,47],"tags":[55,185,33,187,202,186,73],"class_list":["post-4364","post","type-post","status-publish","format-standard","has-post-thumbnail","hentry","category-articulos","category-diversos","category-europa","category-fotografia-2","category-praga","tag-ciutats","tag-europa-2","tag-fotografia","tag-monuments","tag-praga","tag-rutes","tag-travel-and-tourism"],"_links":{"self":[{"href":"https:\/\/travelandreams.net\/en\/wp-json\/wp\/v2\/posts\/4364","targetHints":{"allow":["GET"]}}],"collection":[{"href":"https:\/\/travelandreams.net\/en\/wp-json\/wp\/v2\/posts"}],"about":[{"href":"https:\/\/travelandreams.net\/en\/wp-json\/wp\/v2\/types\/post"}],"author":[{"embeddable":true,"href":"https:\/\/travelandreams.net\/en\/wp-json\/wp\/v2\/users\/4"}],"replies":[{"embeddable":true,"href":"https:\/\/travelandreams.net\/en\/wp-json\/wp\/v2\/comments?post=4364"}],"version-history":[{"count":25,"href":"https:\/\/travelandreams.net\/en\/wp-json\/wp\/v2\/posts\/4364\/revisions"}],"predecessor-version":[{"id":4772,"href":"https:\/\/travelandreams.net\/en\/wp-json\/wp\/v2\/posts\/4364\/revisions\/4772"}],"wp:featuredmedia":[{"embeddable":true,"href":"https:\/\/travelandreams.net\/en\/wp-json\/wp\/v2\/media\/4417"}],"wp:attachment":[{"href":"https:\/\/travelandreams.net\/en\/wp-json\/wp\/v2\/media?parent=4364"}],"wp:term":[{"taxonomy":"category","embeddable":true,"href":"https:\/\/travelandreams.net\/en\/wp-json\/wp\/v2\/categories?post=4364"},{"taxonomy":"post_tag","embeddable":true,"href":"https:\/\/travelandreams.net\/en\/wp-json\/wp\/v2\/tags?post=4364"}],"curies":[{"name":"wp","href":"https:\/\/api.w.org\/{rel}","templated":true}]}}