{"id":2632,"date":"2014-01-22T23:20:51","date_gmt":"2014-01-22T23:20:51","guid":{"rendered":"http:\/\/andreurodenas.wordpress.com\/?p=2632"},"modified":"2015-05-29T18:02:59","modified_gmt":"2015-05-29T18:02:59","slug":"barrio-de-la-alfama-lisboa-alfama-quarter-lisbon","status":"publish","type":"post","link":"https:\/\/travelandreams.net\/en\/barrio-de-la-alfama-lisboa-alfama-quarter-lisbon\/","title":{"rendered":"LA ALFAMA QUARTER (LISBOA)"},"content":{"rendered":"<p><\/p>\n<p style=\"text-align: center;\"><img loading=\"lazy\" decoding=\"async\" class=\"aligncenter  wp-image-2636\" src=\"http:\/\/travelandreams.net\/wp-content\/uploads\/2014\/01\/post-lisboa-017.jpg?w=547\" alt=\"post-lisboa 017\" width=\"328\" height=\"434\" \/><\/p>\n<p style=\"text-align: justify;\"><strong><em>Andreu R\u00f3denas<\/em><\/strong><\/p>\n<hr \/>\n<p style=\"text-align: justify;\">Alfama es un nom d&#8217;origen \u00e0rab, aquest fam\u00f3s barri est\u00e0 situat just sota el Castell de Sant Jordi o Castelo de Sao Jorge icona de la ciutat de Lisboa pel seu enclavament per damunt de tota la ciutat.\u00a0De tots els barris de <strong>Lisboa<\/strong> diria que \u00e9s el m\u00e9s popular, un vell barri de pescadors que avui dia es l&#8217;\u00e0nima de la ciutat i el bressol indiscutible del &#8220;fado&#8221;. Recomano perdre&#8217;s un dia pels seus carrerons estrets \u00a0amb moltes fa\u00e7anes enblanquinades, pujades, baixades, escales sempre amb el riu al fons. Si una imatge ic\u00f2nica te Lisboa es un dels seus tranvies pujant i baixant per carrerons estrets del barri de la Alfama, un recorregut impossible d&#8217;obviar i d&#8217;estalviar-se. El tranvia n\u00ba <strong>28<\/strong> ens portar\u00e0 per tot el barri i ens deixar\u00e0 davant de els miradors i altres punts interesants del barri: <strong>El mirador de Santa Ll\u00facia, El Pante\u00f3 Nacional, La Catedral de S\u00e9 (de Lisboa), el Castell de Sant Jordi o el Museu del Fado<\/strong>. Sens dubte les millors vistes de la ciutat i del <strong>Tajo<\/strong> les trobareu a <strong>Alfama<\/strong> per\u00f2 sobretot les que gaudirem des del del castell son espectaculars, les c\u00e0meres en aquest punt no pararan.<\/p>\n<p style=\"text-align: center;\"><img loading=\"lazy\" decoding=\"async\" class=\"aligncenter\" src=\"https:\/\/encrypted-tbn1.gstatic.com\/images?q=tbn:ANd9GcRHi1DxZWaCBMHOxLbhJXKqR1rc8f2cVCzGa9xJuTF_sSa9AQcW\" alt=\"\" width=\"259\" height=\"194\" \/><\/p>\n<p style=\"text-align: center;\"><img loading=\"lazy\" decoding=\"async\" class=\"aligncenter  wp-image-2645\" src=\"http:\/\/travelandreams.net\/wp-content\/uploads\/2014\/01\/post-lisboa-0191.jpg?w=547\" alt=\"post-lisboa 019\" width=\"438\" height=\"572\" \/><\/p>\n<p style=\"text-align: justify;\"><img loading=\"lazy\" decoding=\"async\" src=\"http:\/\/topwalls.net\/wp-content\/uploads\/2012\/09\/Alfama-Lisbon.jpg\" alt=\"\" width=\"1344\" height=\"756\" \/><\/p>\n<p style=\"text-align: justify;\"><img loading=\"lazy\" decoding=\"async\" class=\"aligncenter size-large wp-image-2651\" src=\"http:\/\/travelandreams.net\/wp-content\/uploads\/2014\/01\/post-lisboa-0751.jpg?w=547\" alt=\"post-lisboa 075\" width=\"547\" height=\"706\" \/><\/p>\n<p style=\"text-align: justify;\">Si en alguna guia us recomanen un recorregut o un tra\u00e7at a seguir no en feu cas perque per gaudir realment d&#8217;aquest indret cal endinsar-s&#8217;hi sense previ programa i palpar cada rac\u00f3, cada carrer, cada escala, cada petita pla\u00e7a. Aix\u00f2 s\u00ed, per fer-lo m\u00e9s c\u00f2mode podem comen\u00e7ar per la visita al castell i despr\u00e9s de baixada anar fent el nostre propi recorregut.\u00a0Tot baixant ens trobarem el Museu del Fado, S\u00e9 (la catedral de Lisboa) i el Pante\u00f3 Nacional on hi ha enterrat entre d&#8217;altres el navegant i descubridor Vasco da Gamma i que us recomano visitar.<\/p>\n<p style=\"text-align: center;\"><img loading=\"lazy\" decoding=\"async\" class=\"aligncenter  wp-image-2650\" src=\"http:\/\/travelandreams.net\/wp-content\/uploads\/2014\/01\/post-lisboa-073.jpg?w=547\" alt=\"post-lisboa 073\" width=\"438\" height=\"543\" \/><\/p>\n<p style=\"text-align: justify;\">La <strong>Catedral de Lisboa<\/strong> o <strong>Catedral de S\u00e9<\/strong>\u00a0 \u00e9s d&#8217;estil rom\u00e0nic i com us deias una de les visites obligades al barri d&#8217;Alfama . A banda del seu inter\u00e9s religi\u00f3s, tur\u00edstic i cultural destacaria la seva resist\u00e8ncia davant els diversos terratremols i incendis que ha patit la ciutat i dels quals n&#8217;ha sortit indemne. S\u00e9 va comen\u00e7ar a construir-se cap al segle XII i ho varen fer al damunt d&#8217;una mesquita.<\/p>\n<p style=\"text-align: justify;\"><img loading=\"lazy\" decoding=\"async\" class=\"aligncenter size-large wp-image-2640\" src=\"http:\/\/travelandreams.net\/wp-content\/uploads\/2014\/01\/post-lisboa-027.jpg?w=547\" alt=\"post-lisboa 027\" width=\"547\" height=\"646\" \/><\/p>\n<p style=\"text-align: justify;\">El <strong>Pante\u00f3 Nacional <\/strong>\u00e9s una<strong>\u00a0<\/strong>immensa construcci\u00f3 d&#8217;estil barroc en la que destaca la seva gran c\u00fapula de color blanc i el seu revestiment interior de marbre de diversos colors. El Pante\u00f3 tamb\u00e9 va ser conegut com <strong>Esgl\u00e9sia de Santa Engracia<\/strong>. \u00c9s de finals del segle XVII per\u00f2 curiosament no es va finalitzar del tot fins l&#8217;any 1966!!!! Com an\u00e8cdota heu de saber que aquest \u00e9s el motiu pel qual els portuguessos comparen qualsevol projecte en el temps amb Santa Engracia. Els personatges m\u00e9s reconeguts que descansen en aquest monument funerari impressionant, a banda de presidents de la rep\u00fablica, el navegant <strong>Vasco da Gamma<\/strong> i l&#8217;escriptor <strong>Luis de Camoes<\/strong>, entre d&#8217;altres.<\/p>\n<p style=\"text-align: justify;\"><img loading=\"lazy\" decoding=\"async\" class=\"aligncenter size-large wp-image-2649\" src=\"http:\/\/travelandreams.net\/wp-content\/uploads\/2014\/01\/post-lisboa-0631.jpg?w=547\" alt=\"post-lisboa 063\" width=\"547\" height=\"714\" \/><\/p>\n<p style=\"text-align: justify;\"><span style=\"line-height: 1.5em;\"><strong>El Mirador de Santa Ll\u00facia<\/strong> est\u00e0 enganxat a l&#8217;esgl\u00e9sia que du el mateix nom. Aquest mirador podriem dir que te tots els elements t\u00edpics de Lisboa, o sigui te un aire entre decadent i rom\u00e0ntic, amb parets blanques plenes de parres i rajoles. Els colors blancs del barri contrasten amb el blau intens del cel i del riu. No ens ha d&#8217;estranyar veure-hi moltes parelles al cap vespre o pintors intentant plasmar les vistes tan boniques.<\/span><\/p>\n<p style=\"text-align: justify;\"><img loading=\"lazy\" decoding=\"async\" class=\"aligncenter size-large wp-image-2646\" src=\"http:\/\/travelandreams.net\/wp-content\/uploads\/2014\/01\/post-lisboa-0201.jpg?w=547\" alt=\"post-lisboa 020\" width=\"547\" height=\"658\" \/><\/p>\n<p style=\"text-align: justify;\"><img loading=\"lazy\" decoding=\"async\" class=\"aligncenter size-large wp-image-2643\" src=\"http:\/\/travelandreams.net\/wp-content\/uploads\/2014\/01\/post-lisboa277.jpg?w=547\" alt=\"post-lisboa277\" width=\"547\" height=\"370\" \/><\/p>\n<p style=\"text-align: justify;\"><strong>El Castell de Sant Jordi ( Castelo de S\u00e3o Jorge )<\/strong> destaca a dalt de tot del barri de la Alfama. Te un origen musulm\u00e0 i per aquest motiu tamb\u00e9 es va con\u00e8ixer com a castell dels moros i el nom de Sant Jordi es deu a que va estar tres messos en setge fins que els creuats (que tenien com a patr\u00f3 aquest sant) el van conquerir. Ha tingut diverses funcions al llarg de la seva hist\u00f2ria com per exemple la de Palau Reial, la \u00faltima restauraci\u00f3 va ser durant el segle XX.\u00a0Com a elements principals destacariem les muralles, les 11 torres, els calabossos, l&#8217;entrada amb l&#8217;Arc de Sant Jordi o la Porta de Moniz a la &#8220;pra\u00e7a nova&#8221;. Tan dins com de fora te molts punts des dels quals les panor\u00e0miques de Lisboa son precioses, les millors fotografies les obtindreu des de molts punts de les seves muralles, per\u00f2 des dins de la Tore Ulisses tenim vistes de 360\u00ba de la ciutat gracies a un periscopi de Da Vinci que hi ha instal.lat. Un cop hagueu sortit del recinte i abans de baixar cap al centre de la ciutat, us recomano que us perdeu pel barri de Santa Cruz do Castelo que envolta el Castell de Sant Jordi amb amb els seus carrerons laberintics i les seves cases plenes de flors.<\/p>\n<p style=\"text-align: justify;\"><img loading=\"lazy\" decoding=\"async\" class=\"aligncenter size-large wp-image-2644\" src=\"http:\/\/travelandreams.net\/wp-content\/uploads\/2014\/01\/post-lisboa282.jpg?w=547\" alt=\"post-lisboa282\" width=\"547\" height=\"512\" \/><\/p>\n<p><img loading=\"lazy\" decoding=\"async\" src=\"http:\/\/viajar.clix.pt\/fotos\/foto01207.jpg\" alt=\"\" width=\"717\" height=\"538\" \/><\/p>\n<p style=\"text-align: justify;\">A la part baixa del barri finalment podrem gaudir de bons i petits restaurants on podrem menjar el fam\u00f3s &#8220;<strong>Bacalado con patatas<\/strong>&#8221; o les tamb\u00e9 famoses sardines a la brassa, si heu pogut apreciar els sentits de la vista i de l&#8217;olfacte no podem renunciar al sentit del gust amb un bon apat per refer-nos de la caminada.<\/p>\n<div id=\"attachment_2635\" style=\"width: 557px\" class=\"wp-caption aligncenter\"><img loading=\"lazy\" decoding=\"async\" aria-describedby=\"caption-attachment-2635\" class=\"size-large wp-image-2635\" src=\"http:\/\/travelandreams.net\/wp-content\/uploads\/2014\/01\/post-lisboa-009.jpg?w=547\" alt=\"Bacalado con patatas \/ Cod fish with potatoes\" width=\"547\" height=\"331\" \/><p id=\"caption-attachment-2635\" class=\"wp-caption-text\"><strong><span style=\"color: #ff0000;\">Bacalado con patatas\u00a0<\/span><\/strong><\/p><\/div>\n<p style=\"text-align: justify;\">A la nit el barri canvia de colors i d&#8217;ambient i ens converteix en un lloc de culte gracies als molts locals on podrem escoltar els m\u00edtics fados de la veu de grans cantants i musics acompanyants, el fado a Lisboa es l&#8217;equivalent al flamenc a Sevilla, el tango a Buenos Aires o el jazz a Nova Orleans.<\/p>\n<p style=\"text-align: center;\"><img loading=\"lazy\" decoding=\"async\" class=\"aligncenter  wp-image-2647\" src=\"http:\/\/travelandreams.net\/wp-content\/uploads\/2014\/01\/post-lisboa-0251.jpg?w=547\" alt=\"post-lisboa 025\" width=\"438\" height=\"668\" \/><\/p>\n<p><\/p>","protected":false},"excerpt":{"rendered":"<p>Andreu R\u00f3denas Alfama es un nom d&#8217;origen \u00e0rab, aquest fam\u00f3s barri est\u00e0 situat just sota el Castell de Sant Jordi o Castelo de Sao Jorge icona de la ciutat de Lisboa pel seu enclavament per damunt de tota la ciutat.\u00a0De tots els barris de Lisboa diria [&hellip;]<\/p>\n","protected":false},"author":4,"featured_media":3743,"comment_status":"open","ping_status":"open","sticky":false,"template":"","format":"standard","meta":{"footnotes":""},"categories":[9,2,34,13,72],"tags":[23,55,33,36,71,73],"class_list":["post-2632","post","type-post","status-publish","format-standard","has-post-thumbnail","hentry","category-articulos","category-europa","category-fotografia-2","category-gastronomia","category-rutas","tag-arquitectura","tag-ciutats","tag-fotografia","tag-lisboa","tag-ruta","tag-travel-and-tourism"],"_links":{"self":[{"href":"https:\/\/travelandreams.net\/en\/wp-json\/wp\/v2\/posts\/2632","targetHints":{"allow":["GET"]}}],"collection":[{"href":"https:\/\/travelandreams.net\/en\/wp-json\/wp\/v2\/posts"}],"about":[{"href":"https:\/\/travelandreams.net\/en\/wp-json\/wp\/v2\/types\/post"}],"author":[{"embeddable":true,"href":"https:\/\/travelandreams.net\/en\/wp-json\/wp\/v2\/users\/4"}],"replies":[{"embeddable":true,"href":"https:\/\/travelandreams.net\/en\/wp-json\/wp\/v2\/comments?post=2632"}],"version-history":[{"count":7,"href":"https:\/\/travelandreams.net\/en\/wp-json\/wp\/v2\/posts\/2632\/revisions"}],"predecessor-version":[{"id":4689,"href":"https:\/\/travelandreams.net\/en\/wp-json\/wp\/v2\/posts\/2632\/revisions\/4689"}],"wp:featuredmedia":[{"embeddable":true,"href":"https:\/\/travelandreams.net\/en\/wp-json\/wp\/v2\/media\/3743"}],"wp:attachment":[{"href":"https:\/\/travelandreams.net\/en\/wp-json\/wp\/v2\/media?parent=2632"}],"wp:term":[{"taxonomy":"category","embeddable":true,"href":"https:\/\/travelandreams.net\/en\/wp-json\/wp\/v2\/categories?post=2632"},{"taxonomy":"post_tag","embeddable":true,"href":"https:\/\/travelandreams.net\/en\/wp-json\/wp\/v2\/tags?post=2632"}],"curies":[{"name":"wp","href":"https:\/\/api.w.org\/{rel}","templated":true}]}}