{"id":1649,"date":"2013-07-18T14:57:51","date_gmt":"2013-07-18T14:57:51","guid":{"rendered":"http:\/\/andreurodenas.wordpress.com\/?p=1649"},"modified":"2015-06-02T12:28:36","modified_gmt":"2015-06-02T12:28:36","slug":"la-cova-del-milodon-milodon-cave","status":"publish","type":"post","link":"https:\/\/travelandreams.net\/en\/la-cova-del-milodon-milodon-cave\/","title":{"rendered":"THE MILODON&#8217;S CAVE"},"content":{"rendered":"<p><\/p>\n<p style=\"text-align: justify;\"><em><strong>Andreu R\u00f3denas<\/strong><\/em><\/p>\n<hr \/>\n<p style=\"text-align: justify;\">La Cova del Milod\u00f3n es troba a 25 km de la ciutat xilena de Puerto Natales a la Patag\u00f2nia, en direcci\u00f3 al Parc Nacional de les Torres del Paine.<\/p>\n<p style=\"text-align: justify;\"><img loading=\"lazy\" decoding=\"async\" class=\"aligncenter size-large wp-image-1656\" src=\"http:\/\/travelandreams.net\/wp-content\/uploads\/2013\/07\/img_3566a.jpg?w=547\" alt=\"IMG_3566a\" width=\"547\" height=\"353\" \/><\/p>\n<p style=\"text-align: justify;\">La cova no t\u00e9 res d&#8217;espectacular, ni estalactites, ni estalgmitas, &#8230;.. ni llum! Es tracta d&#8217;una esquerda en una enorme paret de roca sediment\u00e0ria on milers anys enrere va viure una mena d&#8217;\u00f3s gegant al que li diuen milod\u00f3n i que a la Puerto Natales el tenen com a s\u00edmbol local, amb la seva est\u00e0tua a l&#8217;entrada de la ciutat. Si teniu temps suficient val la pena visitar-la a l&#8217;estar de pas per la zona, per\u00f2 no perdeu un dia per a aquesta visita si teniu l&#8217;oportunitat de gastar-lo dins del parc nacional Torres del Paine.<\/p>\n<p style=\"text-align: justify;\"><img loading=\"lazy\" decoding=\"async\" class=\"aligncenter size-large wp-image-1659\" src=\"http:\/\/travelandreams.net\/wp-content\/uploads\/2013\/07\/img_3576a.jpg?w=547\" alt=\"IMG_3576a\" width=\"547\" height=\"410\" \/><\/p>\n<div id=\"attachment_1660\" style=\"width: 557px\" class=\"wp-caption aligncenter\"><img loading=\"lazy\" decoding=\"async\" aria-describedby=\"caption-attachment-1660\" class=\"size-large wp-image-1660\" src=\"http:\/\/travelandreams.net\/wp-content\/uploads\/2013\/07\/img_3587a.jpg?w=547\" alt=\"Milodon\" width=\"547\" height=\"345\" \/><p id=\"caption-attachment-1660\" class=\"wp-caption-text\"><strong><span style=\"color: #ff0000;\">Milodon<\/span><\/strong><\/p><\/div>\n<p style=\"text-align: justify;\">Aquesta cova \u00e9s un doble fenomen, d&#8217;una part geol\u00f2gic i d&#8217;una altra arqueol\u00f2gic. Geol\u00f2gicament el que va succeir va ser que les aig\u00fces d&#8217;un llac d&#8217;origen glacial van erosionar una capa de roca sediment\u00e0ria entre dues capes de roca m\u00e9s dura que tenia per dalt i per sota. Arqueol\u00f2gicament \u00e9s important perqu\u00e8 a principis de segle es van trobar restes f\u00f2ssils d&#8217;un animal \u00a0extingit aproximadament fa uns 5.000 anys anomenat Milod\u00f3n i que \u00e9s l&#8217;\u00fanic lloc del m\u00f3n on es t\u00e9 not\u00edcia de la seva exist\u00e8ncia; tamb\u00e9 van trobar restes d&#8217;avantpassats humans en la mateixa cova, eren les restes dels primers pobladors d&#8217;aquesta zona tan austral de la Patag\u00f2nia, per les datacions se sap que aquests homes van arribar a conviure una \u00e8poca determinada costat del Milod\u00f3n.<\/p>\n<p style=\"text-align: justify;\"><img loading=\"lazy\" decoding=\"async\" class=\"aligncenter size-large wp-image-1664\" src=\"http:\/\/travelandreams.net\/wp-content\/uploads\/2013\/07\/2c2aapart-167a.jpg?w=547\" alt=\"2\u00aapart 167a\" width=\"547\" height=\"410\" \/><\/p>\n<p style=\"text-align: justify;\"><img loading=\"lazy\" decoding=\"async\" class=\"aligncenter size-large wp-image-1661\" src=\"http:\/\/travelandreams.net\/wp-content\/uploads\/2013\/07\/2c2aapart-178a.jpg?w=547\" alt=\"2\u00aapart 178a\" width=\"547\" height=\"729\" \/><\/p>\n<p><\/p>","protected":false},"excerpt":{"rendered":"<p>Andreu R\u00f3denas La Cova del Milod\u00f3n es troba a 25 km de la ciutat xilena de Puerto Natales a la Patag\u00f2nia, en direcci\u00f3 al Parc Nacional de les Torres del Paine. La cova no t\u00e9 res d&#8217;espectacular, ni estalactites, ni estalgmitas, &#8230;.. ni llum! Es tracta [&hellip;]<\/p>\n","protected":false},"author":4,"featured_media":3764,"comment_status":"open","ping_status":"open","sticky":false,"template":"","format":"standard","meta":{"footnotes":""},"categories":[5,9,31,34,98,72,97],"tags":[96,171,33,39,208,43,99,100,101,73],"class_list":["post-1649","post","type-post","status-publish","format-standard","has-post-thumbnail","hentry","category-america","category-articulos","category-fauna","category-fotografia-2","category-patagonia","category-rutas","category-xile","tag-cave","tag-chile","tag-fotografia","tag-nature","tag-patagonia","tag-photography","tag-puerto-natales","tag-south-america","tag-torres-del-paine-national-park","tag-travel-and-tourism"],"_links":{"self":[{"href":"https:\/\/travelandreams.net\/en\/wp-json\/wp\/v2\/posts\/1649","targetHints":{"allow":["GET"]}}],"collection":[{"href":"https:\/\/travelandreams.net\/en\/wp-json\/wp\/v2\/posts"}],"about":[{"href":"https:\/\/travelandreams.net\/en\/wp-json\/wp\/v2\/types\/post"}],"author":[{"embeddable":true,"href":"https:\/\/travelandreams.net\/en\/wp-json\/wp\/v2\/users\/4"}],"replies":[{"embeddable":true,"href":"https:\/\/travelandreams.net\/en\/wp-json\/wp\/v2\/comments?post=1649"}],"version-history":[{"count":6,"href":"https:\/\/travelandreams.net\/en\/wp-json\/wp\/v2\/posts\/1649\/revisions"}],"predecessor-version":[{"id":4716,"href":"https:\/\/travelandreams.net\/en\/wp-json\/wp\/v2\/posts\/1649\/revisions\/4716"}],"wp:featuredmedia":[{"embeddable":true,"href":"https:\/\/travelandreams.net\/en\/wp-json\/wp\/v2\/media\/3764"}],"wp:attachment":[{"href":"https:\/\/travelandreams.net\/en\/wp-json\/wp\/v2\/media?parent=1649"}],"wp:term":[{"taxonomy":"category","embeddable":true,"href":"https:\/\/travelandreams.net\/en\/wp-json\/wp\/v2\/categories?post=1649"},{"taxonomy":"post_tag","embeddable":true,"href":"https:\/\/travelandreams.net\/en\/wp-json\/wp\/v2\/tags?post=1649"}],"curies":[{"name":"wp","href":"https:\/\/api.w.org\/{rel}","templated":true}]}}